{"id":24468,"date":"2023-06-09T17:55:49","date_gmt":"2023-06-09T20:55:49","guid":{"rendered":"http:\/\/www.fumssar.com.br\/?p=24468"},"modified":"2024-10-07T16:32:44","modified_gmt":"2024-10-07T19:32:44","slug":"saude-presidente-da-fumssar-cumpre-agendas-em-porto-alegre","status":"publish","type":"post","link":"https:\/\/www.fumssar.com.br\/?p=24468","title":{"rendered":"Sa\u00fade: Presidente da FUMSSAR cumpre agendas em Porto Alegre"},"content":{"rendered":"\n<figure class=\"wp-block-image\"><img loading=\"lazy\" decoding=\"async\" width=\"860\" height=\"645\" src=\"https:\/\/www.fumssar.com.br\/wp-content\/uploads\/2023\/06\/WhatsApp-Image-2023-06-09-at-14.51.13.jpeg\" alt=\"\" class=\"wp-image-24469\" srcset=\"https:\/\/www.fumssar.com.br\/wp-content\/uploads\/2023\/06\/WhatsApp-Image-2023-06-09-at-14.51.13.jpeg 860w, https:\/\/www.fumssar.com.br\/wp-content\/uploads\/2023\/06\/WhatsApp-Image-2023-06-09-at-14.51.13-300x225.jpeg 300w, https:\/\/www.fumssar.com.br\/wp-content\/uploads\/2023\/06\/WhatsApp-Image-2023-06-09-at-14.51.13-768x576.jpeg 768w\" sizes=\"(max-width: 860px) 100vw, 860px\" \/><\/figure>\n\n\n\n<p>O Presidente da Funda\u00e7\u00e3o Municipal de Sa\u00fade de Santa Rosa, D\u00e9lcio Stefan, esteve nesta semana cumprindo agendas em Porto Alegre. Os encontros ocorreram nas depend\u00eancias da Secretaria Estadual de Sa\u00fade. Na oportunidade, foram pactuados diversos servi\u00e7os para os munic\u00edpios do Rio Grande do Sul.<\/p>\n\n\n\n<p>Entre os encontros, D\u00e9lcio se reuniu com a Secretaria Adjunta, Ana Costa, representantes das \u00e1reas t\u00e9cnicas do Estado e outros Secret\u00e1rios de Sa\u00fade do RS, para debater importantes assuntos, como: o Programa Inverno Ga\u00facho, execu\u00e7\u00e3o de cirurgias eletivas de campanhas e a redu\u00e7\u00e3o do tempo de espera para os servi\u00e7os de cardiologia. \u201cForam reuni\u00f5es muito importantes para levar as demandas de Santa Rosa e tamb\u00e9m acompanhar outros projetos da sa\u00fade que est\u00e3o em andamento no Estado. Isso nos permite ter esta qualidade assistencial e promover um cuidado integral da nossa popula\u00e7\u00e3o\u201d, destacou o presidente.<\/p>\n\n\n\n<p>Sobre os servi\u00e7os, ficou acertada a organiza\u00e7\u00e3o do Programa Inverno Ga\u00facho, que contemplar\u00e1 recursos para UTI Pedi\u00e1trica, porta de urg\u00eancia e emerg\u00eancia e Teleatendimento Pedi\u00e1trico pelo per\u00edodo de 90 dias, com recursos estaduais. Tamb\u00e9m foi pauta a avalia\u00e7\u00e3o da execu\u00e7\u00e3o de cirurgias eletivas de campanhas, com recursos das diversas esferas de Governo. E por fim, foi debatido com a Secretaria de Sa\u00fade do Estado \u2013 SES RS, sobre a redu\u00e7\u00e3o do tempo de espera nos servi\u00e7os de cardiologia, refer\u00eancia para Santa Rosa e regi\u00e3o.<\/p>\n","protected":false},"excerpt":{"rendered":"<p>O Presidente da Funda\u00e7\u00e3o Municipal de Sa\u00fade de Santa Rosa, D\u00e9lcio Stefan, esteve nesta semana&#8230;<\/p>\n","protected":false},"author":36,"featured_media":24470,"comment_status":"closed","ping_status":"closed","sticky":false,"template":"","format":"standard","meta":{"footnotes":""},"categories":[2],"tags":[],"_links":{"self":[{"href":"https:\/\/www.fumssar.com.br\/index.php?rest_route=\/wp\/v2\/posts\/24468"}],"collection":[{"href":"https:\/\/www.fumssar.com.br\/index.php?rest_route=\/wp\/v2\/posts"}],"about":[{"href":"https:\/\/www.fumssar.com.br\/index.php?rest_route=\/wp\/v2\/types\/post"}],"author":[{"embeddable":true,"href":"https:\/\/www.fumssar.com.br\/index.php?rest_route=\/wp\/v2\/users\/36"}],"replies":[{"embeddable":true,"href":"https:\/\/www.fumssar.com.br\/index.php?rest_route=%2Fwp%2Fv2%2Fcomments&post=24468"}],"version-history":[{"count":1,"href":"https:\/\/www.fumssar.com.br\/index.php?rest_route=\/wp\/v2\/posts\/24468\/revisions"}],"predecessor-version":[{"id":24471,"href":"https:\/\/www.fumssar.com.br\/index.php?rest_route=\/wp\/v2\/posts\/24468\/revisions\/24471"}],"wp:featuredmedia":[{"embeddable":true,"href":"https:\/\/www.fumssar.com.br\/index.php?rest_route=\/wp\/v2\/media\/24470"}],"wp:attachment":[{"href":"https:\/\/www.fumssar.com.br\/index.php?rest_route=%2Fwp%2Fv2%2Fmedia&parent=24468"}],"wp:term":[{"taxonomy":"category","embeddable":true,"href":"https:\/\/www.fumssar.com.br\/index.php?rest_route=%2Fwp%2Fv2%2Fcategories&post=24468"},{"taxonomy":"post_tag","embeddable":true,"href":"https:\/\/www.fumssar.com.br\/index.php?rest_route=%2Fwp%2Fv2%2Ftags&post=24468"}],"curies":[{"name":"wp","href":"https:\/\/api.w.org\/{rel}","templated":true}]}}