{"id":24464,"date":"2023-06-09T14:30:14","date_gmt":"2023-06-09T17:30:14","guid":{"rendered":"http:\/\/www.fumssar.com.br\/?p=24464"},"modified":"2024-10-07T16:32:44","modified_gmt":"2024-10-07T19:32:44","slug":"profissionais-da-fumssar-participam-de-treinamento-tecnologico","status":"publish","type":"post","link":"https:\/\/www.fumssar.com.br\/?p=24464","title":{"rendered":"Profissionais da FUMSSAR participam de treinamento tecnol\u00f3gico"},"content":{"rendered":"\n<figure class=\"wp-block-image\"><img loading=\"lazy\" decoding=\"async\" width=\"860\" height=\"645\" src=\"https:\/\/www.fumssar.com.br\/wp-content\/uploads\/2023\/06\/Formato-Site-e-Portal-860X645-JPG-2023-06-09T104109.130.jpg\" alt=\"\" class=\"wp-image-24465\" srcset=\"https:\/\/www.fumssar.com.br\/wp-content\/uploads\/2023\/06\/Formato-Site-e-Portal-860X645-JPG-2023-06-09T104109.130.jpg 860w, https:\/\/www.fumssar.com.br\/wp-content\/uploads\/2023\/06\/Formato-Site-e-Portal-860X645-JPG-2023-06-09T104109.130-300x225.jpg 300w, https:\/\/www.fumssar.com.br\/wp-content\/uploads\/2023\/06\/Formato-Site-e-Portal-860X645-JPG-2023-06-09T104109.130-768x576.jpg 768w\" sizes=\"(max-width: 860px) 100vw, 860px\" \/><\/figure>\n\n\n\n<p>A\nFUMSSAR atrav\u00e9s do Departamento de Gest\u00e3o Estrat\u00e9gica e Participativa \u2013 DGEP, deu\nin\u00edcio ao projeto \u201cProfissional Tecnol\u00f3gico da Sa\u00fade\u201d. A atividade foi\ncoordenada pela equipe da Sess\u00e3o de Tecnologia da Informa\u00e7\u00e3o da institui\u00e7\u00e3o. Na\noportunidade, profissionais de sa\u00fade receberam uma capacita\u00e7\u00e3o. A ideia \u00e9\npadronizar as a\u00e7\u00f5es dos servidores que atuam no atendimento aos pacientes,\nutilizando ferramentas de tecnologia disponibilizadas pela Funda\u00e7\u00e3o.<\/p>\n\n\n\n<p>Participaram\ndiversos t\u00e9cnicos de enfermagem. No primeiro encontro, foram abordadas\ninforma\u00e7\u00f5es sobre como utilizar o sistema no acolhimento do paciente que chega na\nUnidade B\u00e1sica de Sa\u00fade. O Diretor do DGEP, Fernando Borella, ressaltou a import\u00e2ncia\nda a\u00e7\u00e3o, \u201cEstamos sempre buscando melhorar o atendimento aos cidad\u00e3os. Esse\nprojeto tem como objetivo qualificar os servi\u00e7os de sa\u00fade, promovendo mais\nagilidade, seguran\u00e7a das informa\u00e7\u00f5es e garantindo a execu\u00e7\u00e3o de indicadores\npreconizados pelo Minist\u00e9rio da Sa\u00fade\u201d.<\/p>\n\n\n\n<p>Nas\npr\u00f3ximas semanas, novos encontros v\u00e3o acontecer com as demais categorias de\nprofissionais que atuam na FUMSSAR.<\/p>\n","protected":false},"excerpt":{"rendered":"<p>A FUMSSAR atrav\u00e9s do Departamento de Gest\u00e3o Estrat\u00e9gica e Participativa \u2013 DGEP, deu in\u00edcio ao&#8230;<\/p>\n","protected":false},"author":36,"featured_media":24466,"comment_status":"closed","ping_status":"closed","sticky":false,"template":"","format":"standard","meta":{"footnotes":""},"categories":[2],"tags":[],"_links":{"self":[{"href":"https:\/\/www.fumssar.com.br\/index.php?rest_route=\/wp\/v2\/posts\/24464"}],"collection":[{"href":"https:\/\/www.fumssar.com.br\/index.php?rest_route=\/wp\/v2\/posts"}],"about":[{"href":"https:\/\/www.fumssar.com.br\/index.php?rest_route=\/wp\/v2\/types\/post"}],"author":[{"embeddable":true,"href":"https:\/\/www.fumssar.com.br\/index.php?rest_route=\/wp\/v2\/users\/36"}],"replies":[{"embeddable":true,"href":"https:\/\/www.fumssar.com.br\/index.php?rest_route=%2Fwp%2Fv2%2Fcomments&post=24464"}],"version-history":[{"count":1,"href":"https:\/\/www.fumssar.com.br\/index.php?rest_route=\/wp\/v2\/posts\/24464\/revisions"}],"predecessor-version":[{"id":24467,"href":"https:\/\/www.fumssar.com.br\/index.php?rest_route=\/wp\/v2\/posts\/24464\/revisions\/24467"}],"wp:featuredmedia":[{"embeddable":true,"href":"https:\/\/www.fumssar.com.br\/index.php?rest_route=\/wp\/v2\/media\/24466"}],"wp:attachment":[{"href":"https:\/\/www.fumssar.com.br\/index.php?rest_route=%2Fwp%2Fv2%2Fmedia&parent=24464"}],"wp:term":[{"taxonomy":"category","embeddable":true,"href":"https:\/\/www.fumssar.com.br\/index.php?rest_route=%2Fwp%2Fv2%2Fcategories&post=24464"},{"taxonomy":"post_tag","embeddable":true,"href":"https:\/\/www.fumssar.com.br\/index.php?rest_route=%2Fwp%2Fv2%2Ftags&post=24464"}],"curies":[{"name":"wp","href":"https:\/\/api.w.org\/{rel}","templated":true}]}}