{"id":24320,"date":"2023-06-02T14:18:47","date_gmt":"2023-06-02T17:18:47","guid":{"rendered":"http:\/\/www.fumssar.com.br\/?p=24320"},"modified":"2024-10-07T16:32:44","modified_gmt":"2024-10-07T19:32:44","slug":"fumssar-realiza-primeira-live-de-ginastica-do-projeto-saude-digital","status":"publish","type":"post","link":"https:\/\/www.fumssar.com.br\/?p=24320","title":{"rendered":"FUMSSAR realiza primeira live de gin\u00e1stica do Projeto Sa\u00fade Digital"},"content":{"rendered":"\n<figure class=\"wp-block-image\"><img loading=\"lazy\" decoding=\"async\" width=\"860\" height=\"645\" src=\"https:\/\/www.fumssar.com.br\/wp-content\/uploads\/2023\/06\/Formato-Site-e-Portal-860X645-JPG-2023-06-02T140747.641.jpg\" alt=\"\" class=\"wp-image-24321\" srcset=\"https:\/\/www.fumssar.com.br\/wp-content\/uploads\/2023\/06\/Formato-Site-e-Portal-860X645-JPG-2023-06-02T140747.641.jpg 860w, https:\/\/www.fumssar.com.br\/wp-content\/uploads\/2023\/06\/Formato-Site-e-Portal-860X645-JPG-2023-06-02T140747.641-300x225.jpg 300w, https:\/\/www.fumssar.com.br\/wp-content\/uploads\/2023\/06\/Formato-Site-e-Portal-860X645-JPG-2023-06-02T140747.641-768x576.jpg 768w\" sizes=\"(max-width: 860px) 100vw, 860px\" \/><\/figure>\n\n\n\n<p>A\nFunda\u00e7\u00e3o Municipal de Sa\u00fade de Santa Rosa realizou na noite desta quinta-feira\n(01), a primeira live do Projeto Sa\u00fade Digital. A atividade foi transmitida pela\nplataforma Youtube, no Canal da prefeitura e foi coordenada por profissionais\nde educa\u00e7\u00e3o f\u00edsica. At\u00e9 o momento, o conte\u00fado j\u00e1 teve mais de 380 visualiza\u00e7\u00f5es.\nDurante uma hora, os usu\u00e1rios conectados na live, foram instru\u00eddos para\nrealizar alongamentos e exerc\u00edcios no conforto de casa. Uma nova proposta que\nbusca proporcionar aos santa-rosenses uma vida ativa e saud\u00e1vel.<\/p>\n\n\n\n<p>Na\nabertura da aula inaugural, o Presidente da FUMSSAR, D\u00e9lcio Stefan e a Diretora\nda Aten\u00e7\u00e3o Prim\u00e1ria em Sa\u00fade, Dra. Fabiana Breitenbach, deram as boas-vindas\naos internautas e ressaltaram que o objetivo do projeto \u00e9 estimular a pr\u00e1tica\nde exerc\u00edcios f\u00edsicos e promover o cuidado integral da popula\u00e7\u00e3o. \u201cEstamos\nmuito contentes em iniciar este novo projeto, utilizando da internet, uma\nferramenta que aproxima o servi\u00e7o de sa\u00fade do usu\u00e1rio. A proposta \u00e9 levar um\ncuidado a mais para as pessoas, facilitando o acesso e proporcionando uma vida\nmais saud\u00e1vel para as fam\u00edlias, que podem juntas, realizar a atividade f\u00edsica\u201d,\ndestacou D\u00e9lcio.<\/p>\n\n\n\n<p>As aulas de gin\u00e1stica v\u00e3o acontecer todas as quintas-feiras, das 19h \u00e0s 20h e ser\u00e3o transmitidas pelo Youtube da Prefeitura de Santa Rosa. O v\u00eddeo da primeira live est\u00e1 salvo e dispon\u00edvel para quem tiver interesse em assistir o conte\u00fado.<\/p>\n\n\n\n<figure class=\"wp-block-image\"><img loading=\"lazy\" decoding=\"async\" width=\"860\" height=\"645\" src=\"https:\/\/www.fumssar.com.br\/wp-content\/uploads\/2023\/06\/live-01.png\" alt=\"\" class=\"wp-image-24322\" srcset=\"https:\/\/www.fumssar.com.br\/wp-content\/uploads\/2023\/06\/live-01.png 860w, https:\/\/www.fumssar.com.br\/wp-content\/uploads\/2023\/06\/live-01-300x225.png 300w, https:\/\/www.fumssar.com.br\/wp-content\/uploads\/2023\/06\/live-01-768x576.png 768w\" sizes=\"(max-width: 860px) 100vw, 860px\" \/><\/figure>\n","protected":false},"excerpt":{"rendered":"<p>A Funda\u00e7\u00e3o Municipal de Sa\u00fade de Santa Rosa realizou na noite desta quinta-feira (01), a&#8230;<\/p>\n","protected":false},"author":36,"featured_media":24323,"comment_status":"closed","ping_status":"closed","sticky":false,"template":"","format":"standard","meta":{"footnotes":""},"categories":[2],"tags":[],"_links":{"self":[{"href":"https:\/\/www.fumssar.com.br\/index.php?rest_route=\/wp\/v2\/posts\/24320"}],"collection":[{"href":"https:\/\/www.fumssar.com.br\/index.php?rest_route=\/wp\/v2\/posts"}],"about":[{"href":"https:\/\/www.fumssar.com.br\/index.php?rest_route=\/wp\/v2\/types\/post"}],"author":[{"embeddable":true,"href":"https:\/\/www.fumssar.com.br\/index.php?rest_route=\/wp\/v2\/users\/36"}],"replies":[{"embeddable":true,"href":"https:\/\/www.fumssar.com.br\/index.php?rest_route=%2Fwp%2Fv2%2Fcomments&post=24320"}],"version-history":[{"count":1,"href":"https:\/\/www.fumssar.com.br\/index.php?rest_route=\/wp\/v2\/posts\/24320\/revisions"}],"predecessor-version":[{"id":24324,"href":"https:\/\/www.fumssar.com.br\/index.php?rest_route=\/wp\/v2\/posts\/24320\/revisions\/24324"}],"wp:featuredmedia":[{"embeddable":true,"href":"https:\/\/www.fumssar.com.br\/index.php?rest_route=\/wp\/v2\/media\/24323"}],"wp:attachment":[{"href":"https:\/\/www.fumssar.com.br\/index.php?rest_route=%2Fwp%2Fv2%2Fmedia&parent=24320"}],"wp:term":[{"taxonomy":"category","embeddable":true,"href":"https:\/\/www.fumssar.com.br\/index.php?rest_route=%2Fwp%2Fv2%2Fcategories&post=24320"},{"taxonomy":"post_tag","embeddable":true,"href":"https:\/\/www.fumssar.com.br\/index.php?rest_route=%2Fwp%2Fv2%2Ftags&post=24320"}],"curies":[{"name":"wp","href":"https:\/\/api.w.org\/{rel}","templated":true}]}}