{"id":24312,"date":"2023-05-31T14:46:20","date_gmt":"2023-05-31T17:46:20","guid":{"rendered":"http:\/\/www.fumssar.com.br\/?p=24312"},"modified":"2024-10-07T16:32:44","modified_gmt":"2024-10-07T19:32:44","slug":"dia-d-de-vacinacao-contra-gripe-e-covid-19-vai-acontecer-neste-sabado","status":"publish","type":"post","link":"https:\/\/www.fumssar.com.br\/?p=24312","title":{"rendered":"Dia D de vacina\u00e7\u00e3o contra Gripe e COVID-19 vai acontecer neste s\u00e1bado"},"content":{"rendered":"\n<figure class=\"wp-block-image\"><img loading=\"lazy\" decoding=\"async\" width=\"860\" height=\"645\" src=\"https:\/\/www.fumssar.com.br\/wp-content\/uploads\/2023\/05\/Formato-Site-e-Portal-860X645-JPG-2023-05-31T143543.242.jpg\" alt=\"\" class=\"wp-image-24313\" srcset=\"https:\/\/www.fumssar.com.br\/wp-content\/uploads\/2023\/05\/Formato-Site-e-Portal-860X645-JPG-2023-05-31T143543.242.jpg 860w, https:\/\/www.fumssar.com.br\/wp-content\/uploads\/2023\/05\/Formato-Site-e-Portal-860X645-JPG-2023-05-31T143543.242-300x225.jpg 300w, https:\/\/www.fumssar.com.br\/wp-content\/uploads\/2023\/05\/Formato-Site-e-Portal-860X645-JPG-2023-05-31T143543.242-768x576.jpg 768w\" sizes=\"(max-width: 860px) 100vw, 860px\" \/><\/figure>\n\n\n\n<p>A\nFunda\u00e7\u00e3o Municipal de Sa\u00fade de Santa Rosa vai realizar no s\u00e1bado (03), mais um\nDia D de Vacina\u00e7\u00e3o. V\u00e3o ser aplicadas as vacinas contra a Gripe (Influenza) e\ncontra a COVID-19 (Bivalente). A imuniza\u00e7\u00e3o vai acontecer em todas as Unidades\nB\u00e1sicas de Sa\u00fade, das 08h \u00e0s 16h. Na oportunidade, tamb\u00e9m ser\u00e3o aplicadas as\ndemais vacinas em atraso do Calend\u00e1rio Vacinal, para crian\u00e7as e adultos, conforme\ndisponibilidade dos estoques.<\/p>\n\n\n\n<p>Podem\nse vacinar contra a Gripe (Influenza), todas as pessoas a partir dos seis meses\nde idade. Para a imuniza\u00e7\u00e3o com a dose bivalente da COVID-19, \u00e9 necess\u00e1rio ter\nmais de 18 anos e ter se vacinado com no m\u00ednimo duas doses da vacina\nmonovalente, h\u00e1 pelo menos quatro meses. <\/p>\n\n\n\n<p>Todos\nque forem se vacinar, precisam levar documento com foto, CPF, cart\u00e3o SUS e a\ncaderneta de vacina\u00e7\u00e3o.<\/p>\n","protected":false},"excerpt":{"rendered":"<p>A Funda\u00e7\u00e3o Municipal de Sa\u00fade de Santa Rosa vai realizar no s\u00e1bado (03), mais um&#8230;<\/p>\n","protected":false},"author":36,"featured_media":24314,"comment_status":"closed","ping_status":"closed","sticky":false,"template":"","format":"standard","meta":{"footnotes":""},"categories":[152,2],"tags":[],"_links":{"self":[{"href":"https:\/\/www.fumssar.com.br\/index.php?rest_route=\/wp\/v2\/posts\/24312"}],"collection":[{"href":"https:\/\/www.fumssar.com.br\/index.php?rest_route=\/wp\/v2\/posts"}],"about":[{"href":"https:\/\/www.fumssar.com.br\/index.php?rest_route=\/wp\/v2\/types\/post"}],"author":[{"embeddable":true,"href":"https:\/\/www.fumssar.com.br\/index.php?rest_route=\/wp\/v2\/users\/36"}],"replies":[{"embeddable":true,"href":"https:\/\/www.fumssar.com.br\/index.php?rest_route=%2Fwp%2Fv2%2Fcomments&post=24312"}],"version-history":[{"count":1,"href":"https:\/\/www.fumssar.com.br\/index.php?rest_route=\/wp\/v2\/posts\/24312\/revisions"}],"predecessor-version":[{"id":24315,"href":"https:\/\/www.fumssar.com.br\/index.php?rest_route=\/wp\/v2\/posts\/24312\/revisions\/24315"}],"wp:featuredmedia":[{"embeddable":true,"href":"https:\/\/www.fumssar.com.br\/index.php?rest_route=\/wp\/v2\/media\/24314"}],"wp:attachment":[{"href":"https:\/\/www.fumssar.com.br\/index.php?rest_route=%2Fwp%2Fv2%2Fmedia&parent=24312"}],"wp:term":[{"taxonomy":"category","embeddable":true,"href":"https:\/\/www.fumssar.com.br\/index.php?rest_route=%2Fwp%2Fv2%2Fcategories&post=24312"},{"taxonomy":"post_tag","embeddable":true,"href":"https:\/\/www.fumssar.com.br\/index.php?rest_route=%2Fwp%2Fv2%2Ftags&post=24312"}],"curies":[{"name":"wp","href":"https:\/\/api.w.org\/{rel}","templated":true}]}}