{"id":24308,"date":"2023-05-30T16:43:17","date_gmt":"2023-05-30T19:43:17","guid":{"rendered":"http:\/\/www.fumssar.com.br\/?p=24308"},"modified":"2024-10-07T16:32:44","modified_gmt":"2024-10-07T19:32:44","slug":"fumssar-tem-3-trabalhos-selecionados-para-apresentar-no-37o-congresso-conasems","status":"publish","type":"post","link":"https:\/\/www.fumssar.com.br\/?p=24308","title":{"rendered":"FUMSSAR tem 3 trabalhos selecionados para apresentar no 37\u00ba Congresso Conasems"},"content":{"rendered":"\n<figure class=\"wp-block-image\"><img loading=\"lazy\" decoding=\"async\" width=\"860\" height=\"645\" src=\"https:\/\/www.fumssar.com.br\/wp-content\/uploads\/2023\/05\/Formato-Site-e-Portal-860X645-JPG-2023-05-30T163705.338.jpg\" alt=\"\" class=\"wp-image-24309\" srcset=\"https:\/\/www.fumssar.com.br\/wp-content\/uploads\/2023\/05\/Formato-Site-e-Portal-860X645-JPG-2023-05-30T163705.338.jpg 860w, https:\/\/www.fumssar.com.br\/wp-content\/uploads\/2023\/05\/Formato-Site-e-Portal-860X645-JPG-2023-05-30T163705.338-300x225.jpg 300w, https:\/\/www.fumssar.com.br\/wp-content\/uploads\/2023\/05\/Formato-Site-e-Portal-860X645-JPG-2023-05-30T163705.338-768x576.jpg 768w\" sizes=\"(max-width: 860px) 100vw, 860px\" \/><\/figure>\n\n\n\n<p>A\nFunda\u00e7\u00e3o Municipal de Sa\u00fade de Santa Rosa teve 3 trabalhos aprovados para\napresentar no 37\u00ba Congresso do Conselho Nacional de Secretarias Municipais de\nSa\u00fade \u2013 Conasems. O evento vai acontecer em Goi\u00e2nia, no per\u00edodo de 16 a 19 de\njulho e vai contar com diversas a\u00e7\u00f5es sobre sa\u00fade p\u00fablica. A FUMSSAR teve dois\nprojetos selecionados para a 18\u00aa Mostra Brasil &#8211; aqui tem SUS e um para a\nOficina Nacional do Projeto Imuniza SUS. O objetivo do congresso \u00e9 dar visibilidade\n\u00e0s boas pr\u00e1ticas que ocorrem em todo o Brasil, trazendo os pontos positivos e\ndesafios enfrentados pelos munic\u00edpios.<\/p>\n\n\n\n<p>Para\na 18\u00aa Mostra Brasil &#8211; aqui tem SUS, foram selecionados dois trabalhos promovidos\npela Funda\u00e7\u00e3o: \u201cCAPS: Musicalizando a alegria de viver\u201d, sobre o grupo\nterap\u00eautico de m\u00fasica dos CAPS e o \u201cCMR TEAcolhe Santa Rosa: Novos olhares e\nfortalecimento das redes de cuidado no autismo\u201d, sobre a implementa\u00e7\u00e3o e\nresultados do CMR TEAcolhe Santa Rosa. Ambos com tem\u00e1ticas ligadas a sa\u00fade\nmental e sobre a qualifica\u00e7\u00e3o da rede de cuidados do munic\u00edpio. A\npsic\u00f3loga e gerente da Rede de Aten\u00e7\u00e3o Psicossocial de Santa Rosa \u2013 RAPS,\nFl\u00e1via Albuquerque, \u00e9 quem vai coordenar a apresenta\u00e7\u00e3o dos dois trabalhos no\ncongresso. Santa Rosa concorreu com outras 269 iniciativas ga\u00fachas. Foram\naprovados 36 projetos do estado do RS. <\/p>\n\n\n\n<p>O\nterceiro trabalho selecionado da Funda\u00e7\u00e3o ser\u00e1 apresentado na Oficina Nacional\ndo Projeto Imuniza SUS. O Cosems\/RS divulgou a lista com os 30 projetos ga\u00fachos\naprovados para representar o Estado do Rio Grande do Sul. Com o tema: \u201cVacina\u00e7\u00e3o\nCovid: a certeza para dias melhores\u201d, Michele Silva Lachno vai representar a\n14\u00aa Coordenadoria Regional de Sa\u00fade e o munic\u00edpio de Santa Rosa. O Presidente\nda FUMSSAR, D\u00e9lcio Stefan, destaca que ter estes projetos selecionados \u00e9 um\nreconhecimento do servi\u00e7o de sa\u00fade prestado no munic\u00edpio, \u201cEstamos em um\nmomento importante do governo, onde podemos ver os frutos do trabalho executado\ncom tanto cuidado e dedica\u00e7\u00e3o por todos. Ficamos muito contentes em saber que\nnossas experi\u00eancias v\u00e3o ser apresentadas em um evento nacional, que busca valorizar\na pot\u00eancia do Sistema \u00danico de Sa\u00fade, bem como, dos trabalhadores do SUS\u201d.<\/p>\n\n\n\n<p>Todos\nos trabalhos foram escritos por servidores da FUMSSAR que atuam diretamente no\ncuidado aos usu\u00e1rios SUS de Santa Rosa. O 37\u00ba Congresso Conasems vai contar\ntamb\u00e9m, com pain\u00e9is t\u00e9cnicos que v\u00e3o abordar diversos aspectos do tema\nIntegralidade no SUS.<\/p>\n","protected":false},"excerpt":{"rendered":"<p>A Funda\u00e7\u00e3o Municipal de Sa\u00fade de Santa Rosa teve 3 trabalhos aprovados para apresentar no&#8230;<\/p>\n","protected":false},"author":36,"featured_media":24310,"comment_status":"closed","ping_status":"closed","sticky":false,"template":"","format":"standard","meta":{"footnotes":""},"categories":[2],"tags":[],"_links":{"self":[{"href":"https:\/\/www.fumssar.com.br\/index.php?rest_route=\/wp\/v2\/posts\/24308"}],"collection":[{"href":"https:\/\/www.fumssar.com.br\/index.php?rest_route=\/wp\/v2\/posts"}],"about":[{"href":"https:\/\/www.fumssar.com.br\/index.php?rest_route=\/wp\/v2\/types\/post"}],"author":[{"embeddable":true,"href":"https:\/\/www.fumssar.com.br\/index.php?rest_route=\/wp\/v2\/users\/36"}],"replies":[{"embeddable":true,"href":"https:\/\/www.fumssar.com.br\/index.php?rest_route=%2Fwp%2Fv2%2Fcomments&post=24308"}],"version-history":[{"count":1,"href":"https:\/\/www.fumssar.com.br\/index.php?rest_route=\/wp\/v2\/posts\/24308\/revisions"}],"predecessor-version":[{"id":24311,"href":"https:\/\/www.fumssar.com.br\/index.php?rest_route=\/wp\/v2\/posts\/24308\/revisions\/24311"}],"wp:featuredmedia":[{"embeddable":true,"href":"https:\/\/www.fumssar.com.br\/index.php?rest_route=\/wp\/v2\/media\/24310"}],"wp:attachment":[{"href":"https:\/\/www.fumssar.com.br\/index.php?rest_route=%2Fwp%2Fv2%2Fmedia&parent=24308"}],"wp:term":[{"taxonomy":"category","embeddable":true,"href":"https:\/\/www.fumssar.com.br\/index.php?rest_route=%2Fwp%2Fv2%2Fcategories&post=24308"},{"taxonomy":"post_tag","embeddable":true,"href":"https:\/\/www.fumssar.com.br\/index.php?rest_route=%2Fwp%2Fv2%2Ftags&post=24308"}],"curies":[{"name":"wp","href":"https:\/\/api.w.org\/{rel}","templated":true}]}}