{"id":24251,"date":"2023-05-25T09:15:10","date_gmt":"2023-05-25T12:15:10","guid":{"rendered":"http:\/\/www.fumssar.com.br\/?p=24251"},"modified":"2024-10-07T16:32:44","modified_gmt":"2024-10-07T19:32:44","slug":"fumssar-divulga-resultados-de-levantamento-para-o-aedes-aegypti-em-santa-rosa","status":"publish","type":"post","link":"https:\/\/www.fumssar.com.br\/?p=24251","title":{"rendered":"FUMSSAR divulga resultados de Levantamento para o Aedes aegypti em Santa Rosa"},"content":{"rendered":"\n<figure class=\"wp-block-image\"><img loading=\"lazy\" decoding=\"async\" width=\"860\" height=\"645\" src=\"https:\/\/www.fumssar.com.br\/wp-content\/uploads\/2023\/05\/Formato-Site-e-Portal-860X645-JPG-2023-05-25T083835.842.jpg\" alt=\"\" class=\"wp-image-24252\" srcset=\"https:\/\/www.fumssar.com.br\/wp-content\/uploads\/2023\/05\/Formato-Site-e-Portal-860X645-JPG-2023-05-25T083835.842.jpg 860w, https:\/\/www.fumssar.com.br\/wp-content\/uploads\/2023\/05\/Formato-Site-e-Portal-860X645-JPG-2023-05-25T083835.842-300x225.jpg 300w, https:\/\/www.fumssar.com.br\/wp-content\/uploads\/2023\/05\/Formato-Site-e-Portal-860X645-JPG-2023-05-25T083835.842-768x576.jpg 768w\" sizes=\"(max-width: 860px) 100vw, 860px\" \/><\/figure>\n\n\n\n<p>A\nFUMSSAR por meio da Vigil\u00e2ncia Ambiental, divulga nesta quinta-feira (25), o\nresultado do Levantamento de \u00cdndice R\u00e1pido para o Aedes aegypti (LIRAa),\nrealizado neste m\u00eas de maio. Santa Rosa apresentou risco m\u00e9dio no levantamento.\nDessa forma, os profissionais de fiscaliza\u00e7\u00e3o da Funda\u00e7\u00e3o alertam a popula\u00e7\u00e3o\npara que sigam realizando as medidas de preven\u00e7\u00e3o. O LIRAa \u00e9 uma a\u00e7\u00e3o\ndesenvolvida pelo Minist\u00e9rio da Sa\u00fade, que permite a identifica\u00e7\u00e3o de \u00e1reas com\nmaior propor\u00e7\u00e3o\/ocorr\u00eancia de focos, bem como, dos criadouros predominantes,\nindicando o risco de transmiss\u00e3o de dengue, febre de chikungunya e zika v\u00edrus.\nA atividade \u00e9 realizada periodicamente, por meio da vistoria em im\u00f3veis do\nmunic\u00edpio, onde ocorre a coleta de larvas para definir o \u00cdndice de Infesta\u00e7\u00e3o\nPredial (IIP) e o \u00cdndice de Infesta\u00e7\u00e3o em Dep\u00f3sitos (\u00cdndice de Breteau \u2013 IB).<\/p>\n\n\n\n<p>De\nacordo com as Diretrizes Nacionais para Preven\u00e7\u00e3o e Controle de Epidemias de\nDengue (2009), os par\u00e2metros para classifica\u00e7\u00e3o dos estratos e dos munic\u00edpios,\nquanto \u00e0 infesta\u00e7\u00e3o pelo Aedes aegypti s\u00e3o: menor que 0,9% &#8211; Baixo Risco; de 1%\na 3,99% &#8211; M\u00e9dio Risco e acima de 3,99% &#8211; Alto Risco. Este levantamento realizado\nem maio, mostrou os seguintes resultados: Estrato 01 = 0,9, Estrato 02 = 3,0 e\nEstrato 03 = 1,0, sendo ent\u00e3o a m\u00e9dia geral de Santa Rosa = 1,7, apresentando\nassim, m\u00e9dio risco para o mun\u00edcipio. O Presidente da FUMSSAR, D\u00e9lcio Stefan,\ndestaca que o trabalho de preven\u00e7\u00e3o e fiscaliza\u00e7\u00e3o vem avan\u00e7ando e pede para\nque a popula\u00e7\u00e3o continue realizando as medidas de preven\u00e7\u00e3o \u00e0 Dengue, \u201cO munic\u00edpio\nest\u00e1 com risco m\u00e9dio e este \u00e9 um alerta para todos n\u00f3s. Esta \u00e9 uma for\u00e7a tarefa\nque depende muito da coopera\u00e7\u00e3o da popula\u00e7\u00e3o. S\u00e3o medidas simples que podem\nevitar a dissemina\u00e7\u00e3o do v\u00edrus e a procria\u00e7\u00e3o do mosquito\u201d. <\/p>\n\n\n\n<p>A\n14\u00aa Coordenadoria Regional de Sa\u00fade \u00e9 quem repassa para o Setor das\nVigil\u00e2ncias, as datas para realiza\u00e7\u00e3o do LIRAa. Os Supervisores de Campo e\nApoio da FUMSSAR realizam o sorteio dos im\u00f3veis por sistema informatizado. No\n\u00faltimo levantamento, foram sorteados 1.444 im\u00f3veis da cidade. Ao realizar as\nvistorias, caso os agentes encontrem larvas nas resid\u00eancias, s\u00e3o recolhidas\namostras que v\u00e3o para an\u00e1lise laboratorial. Ap\u00f3s a an\u00e1lise, os dados s\u00e3o\nlan\u00e7ados no sistema que fornece o resultado final do \u00edndice. A partir dos\nresultados, \u00e9 poss\u00edvel identificar as \u00e1reas priorit\u00e1rias para medidas e a\u00e7\u00f5es\nestrat\u00e9gicas de controle e combate ao mosquito. No per\u00edodo epidemiol\u00f3gico registrado\ndo in\u00edcio do ano, at\u00e9 quarta-feira (24), Santa Rosa teve 331 notifica\u00e7\u00f5es do\nv\u00edrus, sendo 211 casos confirmados e 52 em investiga\u00e7\u00e3o.<\/p>\n","protected":false},"excerpt":{"rendered":"<p>A FUMSSAR por meio da Vigil\u00e2ncia Ambiental, divulga nesta quinta-feira (25), o resultado do Levantamento&#8230;<\/p>\n","protected":false},"author":36,"featured_media":24253,"comment_status":"closed","ping_status":"closed","sticky":false,"template":"","format":"standard","meta":{"footnotes":""},"categories":[2],"tags":[],"_links":{"self":[{"href":"https:\/\/www.fumssar.com.br\/index.php?rest_route=\/wp\/v2\/posts\/24251"}],"collection":[{"href":"https:\/\/www.fumssar.com.br\/index.php?rest_route=\/wp\/v2\/posts"}],"about":[{"href":"https:\/\/www.fumssar.com.br\/index.php?rest_route=\/wp\/v2\/types\/post"}],"author":[{"embeddable":true,"href":"https:\/\/www.fumssar.com.br\/index.php?rest_route=\/wp\/v2\/users\/36"}],"replies":[{"embeddable":true,"href":"https:\/\/www.fumssar.com.br\/index.php?rest_route=%2Fwp%2Fv2%2Fcomments&post=24251"}],"version-history":[{"count":1,"href":"https:\/\/www.fumssar.com.br\/index.php?rest_route=\/wp\/v2\/posts\/24251\/revisions"}],"predecessor-version":[{"id":24254,"href":"https:\/\/www.fumssar.com.br\/index.php?rest_route=\/wp\/v2\/posts\/24251\/revisions\/24254"}],"wp:featuredmedia":[{"embeddable":true,"href":"https:\/\/www.fumssar.com.br\/index.php?rest_route=\/wp\/v2\/media\/24253"}],"wp:attachment":[{"href":"https:\/\/www.fumssar.com.br\/index.php?rest_route=%2Fwp%2Fv2%2Fmedia&parent=24251"}],"wp:term":[{"taxonomy":"category","embeddable":true,"href":"https:\/\/www.fumssar.com.br\/index.php?rest_route=%2Fwp%2Fv2%2Fcategories&post=24251"},{"taxonomy":"post_tag","embeddable":true,"href":"https:\/\/www.fumssar.com.br\/index.php?rest_route=%2Fwp%2Fv2%2Ftags&post=24251"}],"curies":[{"name":"wp","href":"https:\/\/api.w.org\/{rel}","templated":true}]}}