{"id":24226,"date":"2023-05-22T16:08:37","date_gmt":"2023-05-22T19:08:37","guid":{"rendered":"http:\/\/www.fumssar.com.br\/?p=24226"},"modified":"2024-10-07T16:32:45","modified_gmt":"2024-10-07T19:32:45","slug":"fumssar-realiza-acoes-de-prevencao-e-combate-a-dengue-2","status":"publish","type":"post","link":"https:\/\/www.fumssar.com.br\/?p=24226","title":{"rendered":"FUMSSAR realiza a\u00e7\u00f5es de preven\u00e7\u00e3o e combate \u00e0 Dengue"},"content":{"rendered":"\n<figure class=\"wp-block-image\"><img loading=\"lazy\" decoding=\"async\" width=\"860\" height=\"645\" src=\"https:\/\/www.fumssar.com.br\/wp-content\/uploads\/2023\/05\/dengue-2.jpg\" alt=\"\" class=\"wp-image-24227\" srcset=\"https:\/\/www.fumssar.com.br\/wp-content\/uploads\/2023\/05\/dengue-2.jpg 860w, https:\/\/www.fumssar.com.br\/wp-content\/uploads\/2023\/05\/dengue-2-300x225.jpg 300w, https:\/\/www.fumssar.com.br\/wp-content\/uploads\/2023\/05\/dengue-2-768x576.jpg 768w\" sizes=\"(max-width: 860px) 100vw, 860px\" \/><\/figure>\n\n\n\n<p>A Funda\u00e7\u00e3o Municipal de Sa\u00fade de Santa Rosa divulgou o\nboletim atualizado de casos de Dengue no munic\u00edpio. No per\u00edodo epidemiol\u00f3gico\nregistrado do in\u00edcio do ano, at\u00e9 o domingo (21), Santa Rosa teve 308\nnotifica\u00e7\u00f5es do v\u00edrus, sendo 194 casos confirmados e 59 em investiga\u00e7\u00e3o. A\nFUMSSAR segue promovendo a\u00e7\u00f5es de combate \u00e0 doen\u00e7a. Nesta segunda-feira (22), a\nequipe da Unidade B\u00e1sica de Sa\u00fade Esperan\u00e7a, esteve na EMEF Santa Rita,\nrealizando atividades de preven\u00e7\u00e3o e conscientiza\u00e7\u00e3o dos alunos e professores.<\/p>\n\n\n\n<p>Na oportunidade, os alunos da pr\u00e9-escola,\n1\u00ba, 2\u00ba, 3\u00ba e 4\u00ba anos, interagiram com a mascote do mosquito da Dengue e\nreceberam informa\u00e7\u00f5es sobre o comportamento do inseto, dicas de preven\u00e7\u00e3o e\ncombate da doen\u00e7a. A a\u00e7\u00e3o faz parte do Programa Sa\u00fade na Escola \u2013 PSE, que\natrav\u00e9s das UBS\u2019s promove o trabalho de conscientiza\u00e7\u00e3o nas escolas do\nmunic\u00edpio. Segundo o Presidente da FUMSSAR, D\u00e9lcio Stefan, este \u00e9 um projeto\nque d\u00e1 bons resultados, \u201cEnsinar as crian\u00e7as e adolescentes como se prevenir \u00e9\numa das nossas ferramentas para frear a dissemina\u00e7\u00e3o do v\u00edrus, tendo em vista,\nque os jovens s\u00e3o multiplicadores deste conhecimento e levam para casa os\ncuidados necess\u00e1rios para que a doen\u00e7a n\u00e3o seja transmitida\u201d.<\/p>\n\n\n\n<p>A Funda\u00e7\u00e3o de Sa\u00fade segue realizando em todo o munic\u00edpio,\na\u00e7\u00f5es de fiscaliza\u00e7\u00e3o e preven\u00e7\u00e3o da Dengue. A orienta\u00e7\u00e3o \u00e9 que a popula\u00e7\u00e3o n\u00e3o\ndeixe \u00e1gua parada, fa\u00e7a uso do repelente e procure a UBS de refer\u00eancia para\nrealizar o teste r\u00e1pido, caso sejam observados sintomas da doen\u00e7a.<\/p>\n","protected":false},"excerpt":{"rendered":"<p>A Funda\u00e7\u00e3o Municipal de Sa\u00fade de Santa Rosa divulgou o boletim atualizado de casos de&#8230;<\/p>\n","protected":false},"author":36,"featured_media":24228,"comment_status":"closed","ping_status":"closed","sticky":false,"template":"","format":"standard","meta":{"footnotes":""},"categories":[2],"tags":[],"_links":{"self":[{"href":"https:\/\/www.fumssar.com.br\/index.php?rest_route=\/wp\/v2\/posts\/24226"}],"collection":[{"href":"https:\/\/www.fumssar.com.br\/index.php?rest_route=\/wp\/v2\/posts"}],"about":[{"href":"https:\/\/www.fumssar.com.br\/index.php?rest_route=\/wp\/v2\/types\/post"}],"author":[{"embeddable":true,"href":"https:\/\/www.fumssar.com.br\/index.php?rest_route=\/wp\/v2\/users\/36"}],"replies":[{"embeddable":true,"href":"https:\/\/www.fumssar.com.br\/index.php?rest_route=%2Fwp%2Fv2%2Fcomments&post=24226"}],"version-history":[{"count":1,"href":"https:\/\/www.fumssar.com.br\/index.php?rest_route=\/wp\/v2\/posts\/24226\/revisions"}],"predecessor-version":[{"id":24229,"href":"https:\/\/www.fumssar.com.br\/index.php?rest_route=\/wp\/v2\/posts\/24226\/revisions\/24229"}],"wp:featuredmedia":[{"embeddable":true,"href":"https:\/\/www.fumssar.com.br\/index.php?rest_route=\/wp\/v2\/media\/24228"}],"wp:attachment":[{"href":"https:\/\/www.fumssar.com.br\/index.php?rest_route=%2Fwp%2Fv2%2Fmedia&parent=24226"}],"wp:term":[{"taxonomy":"category","embeddable":true,"href":"https:\/\/www.fumssar.com.br\/index.php?rest_route=%2Fwp%2Fv2%2Fcategories&post=24226"},{"taxonomy":"post_tag","embeddable":true,"href":"https:\/\/www.fumssar.com.br\/index.php?rest_route=%2Fwp%2Fv2%2Ftags&post=24226"}],"curies":[{"name":"wp","href":"https:\/\/api.w.org\/{rel}","templated":true}]}}