{"id":24219,"date":"2023-05-19T17:08:27","date_gmt":"2023-05-19T20:08:27","guid":{"rendered":"http:\/\/www.fumssar.com.br\/?p=24219"},"modified":"2024-10-07T16:32:45","modified_gmt":"2024-10-07T19:32:45","slug":"cer-ii-realiza-atividade-voltada-para-o-cuidado-de-quem-cuida","status":"publish","type":"post","link":"https:\/\/www.fumssar.com.br\/?p=24219","title":{"rendered":"CER II realiza atividade voltada para o cuidado de quem cuida"},"content":{"rendered":"\n<figure class=\"wp-block-image\"><img loading=\"lazy\" decoding=\"async\" width=\"860\" height=\"645\" src=\"https:\/\/www.fumssar.com.br\/wp-content\/uploads\/2023\/05\/Formato-Site-e-Portal-860X645-JPG-2023-05-19T163005.967.jpg\" alt=\"\" class=\"wp-image-24220\" srcset=\"https:\/\/www.fumssar.com.br\/wp-content\/uploads\/2023\/05\/Formato-Site-e-Portal-860X645-JPG-2023-05-19T163005.967.jpg 860w, https:\/\/www.fumssar.com.br\/wp-content\/uploads\/2023\/05\/Formato-Site-e-Portal-860X645-JPG-2023-05-19T163005.967-300x225.jpg 300w, https:\/\/www.fumssar.com.br\/wp-content\/uploads\/2023\/05\/Formato-Site-e-Portal-860X645-JPG-2023-05-19T163005.967-768x576.jpg 768w\" sizes=\"(max-width: 860px) 100vw, 860px\" \/><\/figure>\n\n\n\n<p>Neste\nm\u00eas de maio, m\u00eas em que \u00e9 celebrado o Dia das M\u00e3es, a equipe do Centro\nEspecializado em Reabilita\u00e7\u00e3o Auditiva e Intelectual de Santa Rosa \u2013 CER II,\npreparou uma atividade especial para as m\u00e3es dos pacientes em tratamento no\nservi\u00e7o. A a\u00e7\u00e3o aconteceu nesta quinta-feira (18), com a participa\u00e7\u00e3o de 25\nmulheres. Al\u00e9m de realizar uma confraterniza\u00e7\u00e3o e homenagem, a atividade foi\nidealizada com o objetivo de cuidar de quem cuida. <\/p>\n\n\n\n<p>As\nmam\u00e3es foram convidadas para participar de um evento surpresa. Ao chegarem no\nCER II, elas foram conduzidas at\u00e9 o SENAC, que em parceria com a Rede de\nAten\u00e7\u00e3o Psicossocial \u2013 RAPS e a consultora Mary Kay, Gracieli Looben, presenteou\ntodas com uma noite de beleza. Foram realizados diversos cuidados, como hidrata\u00e7\u00e3o\npara os cabelos, maquiagem e massagem. A Psic\u00f3loga que atua no CER II, Melissa\nFranke, destacou que a a\u00e7\u00e3o buscou refor\u00e7ar a import\u00e2ncia do autocuidado para\npoder tamb\u00e9m cuidar, \u201cPreparamos este momento especial, pensando na sa\u00fade\nmental e no bem-estar dessas mulheres que dedicam v\u00e1rias horas do seu dia em\nprol do cuidado dos filhos. S\u00e3o mulheres guerreiras que abra\u00e7am tantas cargas e\npor vezes, esquecem de si mesmas e de realizar a\u00e7\u00f5es simples que auxiliam no cuidado\nda mente e da autoestima\u201d.<\/p>\n\n\n\n<p>Ap\u00f3s\na noite da beleza, as mam\u00e3es emocionadas agradeceram a equipe do CER pelo\ncuidado, carinho e amor. A m\u00e3e da paciente Larissa, Adriana Aniszewski, relatou\nque a atividade serviu para um momento de reflex\u00e3o e de autoan\u00e1lise, \u201cN\u00e3o tenho\npalavras para descrever a minha gratid\u00e3o pela noite que o CER nos proporcionou.\nFoi um choque de realidade, onde eu pude perceber que desde que recebi o\ndiagn\u00f3stico da minha filha, esqueci de mim, eu n\u00e3o me maquiava mais. Meu foco\nestava totalmente voltado para ela e para o que ela precisava. Com esse\npresente maravilhoso, percebi o quanto eu sou especial e que preciso estar bem\npara ela estar melhor ainda. Sem d\u00favida, a partir de agora sou uma nova Adriana\u201d.\nA atividade contou com o apoio do professor e cabeleireiro Jeferson Scherer, da\nmassoterapeuta e professora Elisabeth Krebs e tamb\u00e9m da consultora Mary Kay,\nGracieli Looben. <\/p>\n","protected":false},"excerpt":{"rendered":"<p>Neste m\u00eas de maio, m\u00eas em que \u00e9 celebrado o Dia das M\u00e3es, a equipe&#8230;<\/p>\n","protected":false},"author":36,"featured_media":24221,"comment_status":"closed","ping_status":"closed","sticky":false,"template":"","format":"standard","meta":{"footnotes":""},"categories":[2],"tags":[],"_links":{"self":[{"href":"https:\/\/www.fumssar.com.br\/index.php?rest_route=\/wp\/v2\/posts\/24219"}],"collection":[{"href":"https:\/\/www.fumssar.com.br\/index.php?rest_route=\/wp\/v2\/posts"}],"about":[{"href":"https:\/\/www.fumssar.com.br\/index.php?rest_route=\/wp\/v2\/types\/post"}],"author":[{"embeddable":true,"href":"https:\/\/www.fumssar.com.br\/index.php?rest_route=\/wp\/v2\/users\/36"}],"replies":[{"embeddable":true,"href":"https:\/\/www.fumssar.com.br\/index.php?rest_route=%2Fwp%2Fv2%2Fcomments&post=24219"}],"version-history":[{"count":1,"href":"https:\/\/www.fumssar.com.br\/index.php?rest_route=\/wp\/v2\/posts\/24219\/revisions"}],"predecessor-version":[{"id":24222,"href":"https:\/\/www.fumssar.com.br\/index.php?rest_route=\/wp\/v2\/posts\/24219\/revisions\/24222"}],"wp:featuredmedia":[{"embeddable":true,"href":"https:\/\/www.fumssar.com.br\/index.php?rest_route=\/wp\/v2\/media\/24221"}],"wp:attachment":[{"href":"https:\/\/www.fumssar.com.br\/index.php?rest_route=%2Fwp%2Fv2%2Fmedia&parent=24219"}],"wp:term":[{"taxonomy":"category","embeddable":true,"href":"https:\/\/www.fumssar.com.br\/index.php?rest_route=%2Fwp%2Fv2%2Fcategories&post=24219"},{"taxonomy":"post_tag","embeddable":true,"href":"https:\/\/www.fumssar.com.br\/index.php?rest_route=%2Fwp%2Fv2%2Ftags&post=24219"}],"curies":[{"name":"wp","href":"https:\/\/api.w.org\/{rel}","templated":true}]}}