{"id":24183,"date":"2023-05-18T10:54:23","date_gmt":"2023-05-18T13:54:23","guid":{"rendered":"http:\/\/www.fumssar.com.br\/?p=24183"},"modified":"2024-10-07T16:32:45","modified_gmt":"2024-10-07T19:32:45","slug":"acoes-preventivas-de-saude-bucal-sao-desenvolvidas-na-emef-santa-rita","status":"publish","type":"post","link":"https:\/\/www.fumssar.com.br\/?p=24183","title":{"rendered":"A\u00e7\u00f5es preventivas de sa\u00fade bucal s\u00e3o desenvolvidas na EMEF Santa Rita"},"content":{"rendered":"\n<figure class=\"wp-block-image\"><img loading=\"lazy\" decoding=\"async\" width=\"860\" height=\"645\" src=\"https:\/\/www.fumssar.com.br\/wp-content\/uploads\/2023\/05\/Formato-Site-e-Portal-860X645-JPG-2023-05-18T104720.939.jpg\" alt=\"\" class=\"wp-image-24184\" srcset=\"https:\/\/www.fumssar.com.br\/wp-content\/uploads\/2023\/05\/Formato-Site-e-Portal-860X645-JPG-2023-05-18T104720.939.jpg 860w, https:\/\/www.fumssar.com.br\/wp-content\/uploads\/2023\/05\/Formato-Site-e-Portal-860X645-JPG-2023-05-18T104720.939-300x225.jpg 300w, https:\/\/www.fumssar.com.br\/wp-content\/uploads\/2023\/05\/Formato-Site-e-Portal-860X645-JPG-2023-05-18T104720.939-768x576.jpg 768w\" sizes=\"(max-width: 860px) 100vw, 860px\" \/><\/figure>\n\n\n\n<p>A\nimport\u00e2ncia de ter uma boa sa\u00fade bucal foi tema de uma a\u00e7\u00e3o realizada pela FUMSSAR,\natrav\u00e9s da equipe da UBS Esperan\u00e7a, na Escola Municipal de Ensino Fundamental\nSanta Rita. O projeto faz parte da estrat\u00e9gia do Programa Nacional de Sa\u00fade na\nEscola \u2013 PSE e foi desenvolvido pela dentista, Carolina Filheiro. Os alunos receberam\ninforma\u00e7\u00f5es sobre a escova\u00e7\u00e3o adequada, bons h\u00e1bitos de higiene e uso correto\ndo fio dental. Cerca de 40 crian\u00e7as, de quatro a oito anos, participaram da\natividade e ganharam uma escova de dentes para levar para casa. <\/p>\n\n\n\n<p>Na\noportunidade, os profissionais de sa\u00fade explicaram a import\u00e2ncia da preven\u00e7\u00e3o e\ntratamento da c\u00e1rie precoce para a longevidade do dente na boca. Para a\nDiretora da Aten\u00e7\u00e3o Prim\u00e1ria em Sa\u00fade, Dra. Fabiana Breitenbach, os resultados\ndessas atividades s\u00e3o excelentes e fazem com que os alunos aprendam e levem as orienta\u00e7\u00f5es\npara a fam\u00edlia, se transformando em multiplicadores da preven\u00e7\u00e3o de doen\u00e7as, \u201cEnsinar\nas crian\u00e7as a cuidarem dos dentes \u00e9 um investimento que traz benef\u00edcios para o\nresto da vida, pois cria h\u00e1bitos saud\u00e1veis e estimula o cuidado pessoal\u201d.<\/p>\n\n\n\n<p>A avalia\u00e7\u00e3o e promo\u00e7\u00e3o de sa\u00fade bucal \u00e9 uma a\u00e7\u00e3o essencial. A dentista explica ainda, que o projeto nas escolas tem o objetivo de desenvolver h\u00e1bitos de vida saud\u00e1veis e de autocuidado, \u201cRealizamos o exame dent\u00e1rio e a escova\u00e7\u00e3o supervisionada, e assim, conseguimos detectar as crian\u00e7as que possuem altera\u00e7\u00f5es como c\u00e1rie e doen\u00e7a gengival e orientar seus pais para realizarem o tratamento\u201d. Al\u00e9m da avalia\u00e7\u00e3o, \u00e9 realizada a orienta\u00e7\u00e3o da equipe pedag\u00f3gica, para que os professores e gestores participem como promotores da sa\u00fade dos alunos e orientem os respons\u00e1veis sobre a import\u00e2ncia da sa\u00fade bucal no desenvolvimento das crian\u00e7as.<\/p>\n\n\n\n<ul class=\"wp-block-gallery columns-2 is-cropped wp-block-gallery-1 is-layout-flex wp-block-gallery-is-layout-flex\"><li class=\"blocks-gallery-item\"><figure><img loading=\"lazy\" decoding=\"async\" width=\"1024\" height=\"768\" src=\"https:\/\/www.fumssar.com.br\/wp-content\/uploads\/2023\/05\/WhatsApp-Image-2023-05-11-at-10.36.54-1024x768.jpeg\" alt=\"\" data-id=\"24185\" data-link=\"https:\/\/www.fumssar.com.br\/?attachment_id=24185\" class=\"wp-image-24185\" srcset=\"https:\/\/www.fumssar.com.br\/wp-content\/uploads\/2023\/05\/WhatsApp-Image-2023-05-11-at-10.36.54.jpeg 1024w, https:\/\/www.fumssar.com.br\/wp-content\/uploads\/2023\/05\/WhatsApp-Image-2023-05-11-at-10.36.54-300x225.jpeg 300w, https:\/\/www.fumssar.com.br\/wp-content\/uploads\/2023\/05\/WhatsApp-Image-2023-05-11-at-10.36.54-768x576.jpeg 768w\" sizes=\"(max-width: 1024px) 100vw, 1024px\" \/><\/figure><\/li><li class=\"blocks-gallery-item\"><figure><img loading=\"lazy\" decoding=\"async\" width=\"1024\" height=\"768\" src=\"https:\/\/www.fumssar.com.br\/wp-content\/uploads\/2023\/05\/WhatsApp-Image-2023-05-11-at-09.41.40-1024x768.jpeg\" alt=\"\" data-id=\"24186\" data-link=\"https:\/\/www.fumssar.com.br\/?attachment_id=24186\" class=\"wp-image-24186\" srcset=\"https:\/\/www.fumssar.com.br\/wp-content\/uploads\/2023\/05\/WhatsApp-Image-2023-05-11-at-09.41.40.jpeg 1024w, https:\/\/www.fumssar.com.br\/wp-content\/uploads\/2023\/05\/WhatsApp-Image-2023-05-11-at-09.41.40-300x225.jpeg 300w, https:\/\/www.fumssar.com.br\/wp-content\/uploads\/2023\/05\/WhatsApp-Image-2023-05-11-at-09.41.40-768x576.jpeg 768w\" sizes=\"(max-width: 1024px) 100vw, 1024px\" \/><\/figure><\/li><\/ul>\n","protected":false},"excerpt":{"rendered":"<p>A import\u00e2ncia de ter uma boa sa\u00fade bucal foi tema de uma a\u00e7\u00e3o realizada pela&#8230;<\/p>\n","protected":false},"author":36,"featured_media":24187,"comment_status":"closed","ping_status":"closed","sticky":false,"template":"","format":"standard","meta":{"footnotes":""},"categories":[2],"tags":[],"_links":{"self":[{"href":"https:\/\/www.fumssar.com.br\/index.php?rest_route=\/wp\/v2\/posts\/24183"}],"collection":[{"href":"https:\/\/www.fumssar.com.br\/index.php?rest_route=\/wp\/v2\/posts"}],"about":[{"href":"https:\/\/www.fumssar.com.br\/index.php?rest_route=\/wp\/v2\/types\/post"}],"author":[{"embeddable":true,"href":"https:\/\/www.fumssar.com.br\/index.php?rest_route=\/wp\/v2\/users\/36"}],"replies":[{"embeddable":true,"href":"https:\/\/www.fumssar.com.br\/index.php?rest_route=%2Fwp%2Fv2%2Fcomments&post=24183"}],"version-history":[{"count":1,"href":"https:\/\/www.fumssar.com.br\/index.php?rest_route=\/wp\/v2\/posts\/24183\/revisions"}],"predecessor-version":[{"id":24188,"href":"https:\/\/www.fumssar.com.br\/index.php?rest_route=\/wp\/v2\/posts\/24183\/revisions\/24188"}],"wp:featuredmedia":[{"embeddable":true,"href":"https:\/\/www.fumssar.com.br\/index.php?rest_route=\/wp\/v2\/media\/24187"}],"wp:attachment":[{"href":"https:\/\/www.fumssar.com.br\/index.php?rest_route=%2Fwp%2Fv2%2Fmedia&parent=24183"}],"wp:term":[{"taxonomy":"category","embeddable":true,"href":"https:\/\/www.fumssar.com.br\/index.php?rest_route=%2Fwp%2Fv2%2Fcategories&post=24183"},{"taxonomy":"post_tag","embeddable":true,"href":"https:\/\/www.fumssar.com.br\/index.php?rest_route=%2Fwp%2Fv2%2Ftags&post=24183"}],"curies":[{"name":"wp","href":"https:\/\/api.w.org\/{rel}","templated":true}]}}