{"id":24166,"date":"2023-05-15T14:08:44","date_gmt":"2023-05-15T17:08:44","guid":{"rendered":"http:\/\/www.fumssar.com.br\/?p=24166"},"modified":"2024-10-07T16:32:45","modified_gmt":"2024-10-07T19:32:45","slug":"vacina-da-gripe-e-liberada-para-todos-os-publicos-em-santa-rosa","status":"publish","type":"post","link":"https:\/\/www.fumssar.com.br\/?p=24166","title":{"rendered":"Vacina da gripe \u00e9 liberada para todos os p\u00fablicos em Santa Rosa"},"content":{"rendered":"\n<figure class=\"wp-block-image\"><img loading=\"lazy\" decoding=\"async\" width=\"1024\" height=\"1024\" src=\"https:\/\/www.fumssar.com.br\/wp-content\/uploads\/2023\/05\/gripe-vacina-1024x1024.png\" alt=\"\" class=\"wp-image-24167\" srcset=\"https:\/\/www.fumssar.com.br\/wp-content\/uploads\/2023\/05\/gripe-vacina-1024x1024.png 1024w, https:\/\/www.fumssar.com.br\/wp-content\/uploads\/2023\/05\/gripe-vacina-150x150.png 150w, https:\/\/www.fumssar.com.br\/wp-content\/uploads\/2023\/05\/gripe-vacina-300x300.png 300w, https:\/\/www.fumssar.com.br\/wp-content\/uploads\/2023\/05\/gripe-vacina-768x768.png 768w, https:\/\/www.fumssar.com.br\/wp-content\/uploads\/2023\/05\/gripe-vacina.png 1080w\" sizes=\"(max-width: 1024px) 100vw, 1024px\" \/><\/figure>\n\n\n\n<p>A\naplica\u00e7\u00e3o da vacina da gripe (Influenza), est\u00e1 liberada para todos os grupos, a\npartir de seis meses de idade, em Santa Rosa. As doses est\u00e3o dispon\u00edveis em\ntodas as Unidades B\u00e1sicas de Sa\u00fade &#8211; UBSs do munic\u00edpio, a partir da tarde desta\nsegunda-feira (15). A libera\u00e7\u00e3o para a popula\u00e7\u00e3o em geral, e n\u00e3o apenas para os\nintegrantes dos grupos priorit\u00e1rios, foi autorizada pelo Minist\u00e9rios da Sa\u00fade\nna \u00faltima sexta-feira (12).<\/p>\n\n\n\n<p>A\nFunda\u00e7\u00e3o Municipal de Sa\u00fade de Santa Rosa \u2013 FUMSSAR, informa a popula\u00e7\u00e3o que o\natendimento vai acontecer nas unidades b\u00e1sicas, de segunda a sexta-feira, das\n13h30min \u00e0s 17h. Todos que forem se vacinar, precisam levar\ndocumento com foto, CPF, cart\u00e3o SUS e a caderneta de vacina\u00e7\u00e3o. O\natendimento ir\u00e1 ocorrer mediante a capacidade di\u00e1ria m\u00e1xima de aplica\u00e7\u00e3o.<\/p>\n","protected":false},"excerpt":{"rendered":"<p>A aplica\u00e7\u00e3o da vacina da gripe (Influenza), est\u00e1 liberada para todos os grupos, a partir&#8230;<\/p>\n","protected":false},"author":36,"featured_media":24168,"comment_status":"closed","ping_status":"closed","sticky":false,"template":"","format":"standard","meta":{"footnotes":""},"categories":[2],"tags":[],"_links":{"self":[{"href":"https:\/\/www.fumssar.com.br\/index.php?rest_route=\/wp\/v2\/posts\/24166"}],"collection":[{"href":"https:\/\/www.fumssar.com.br\/index.php?rest_route=\/wp\/v2\/posts"}],"about":[{"href":"https:\/\/www.fumssar.com.br\/index.php?rest_route=\/wp\/v2\/types\/post"}],"author":[{"embeddable":true,"href":"https:\/\/www.fumssar.com.br\/index.php?rest_route=\/wp\/v2\/users\/36"}],"replies":[{"embeddable":true,"href":"https:\/\/www.fumssar.com.br\/index.php?rest_route=%2Fwp%2Fv2%2Fcomments&post=24166"}],"version-history":[{"count":1,"href":"https:\/\/www.fumssar.com.br\/index.php?rest_route=\/wp\/v2\/posts\/24166\/revisions"}],"predecessor-version":[{"id":24169,"href":"https:\/\/www.fumssar.com.br\/index.php?rest_route=\/wp\/v2\/posts\/24166\/revisions\/24169"}],"wp:featuredmedia":[{"embeddable":true,"href":"https:\/\/www.fumssar.com.br\/index.php?rest_route=\/wp\/v2\/media\/24168"}],"wp:attachment":[{"href":"https:\/\/www.fumssar.com.br\/index.php?rest_route=%2Fwp%2Fv2%2Fmedia&parent=24166"}],"wp:term":[{"taxonomy":"category","embeddable":true,"href":"https:\/\/www.fumssar.com.br\/index.php?rest_route=%2Fwp%2Fv2%2Fcategories&post=24166"},{"taxonomy":"post_tag","embeddable":true,"href":"https:\/\/www.fumssar.com.br\/index.php?rest_route=%2Fwp%2Fv2%2Ftags&post=24166"}],"curies":[{"name":"wp","href":"https:\/\/api.w.org\/{rel}","templated":true}]}}