{"id":24160,"date":"2023-05-12T15:47:54","date_gmt":"2023-05-12T18:47:54","guid":{"rendered":"http:\/\/www.fumssar.com.br\/?p=24160"},"modified":"2024-10-07T16:32:45","modified_gmt":"2024-10-07T19:32:45","slug":"saude-mental-fumssar-e-raps-divulgam-programacao-no-mes-da-luta-antimanicomial","status":"publish","type":"post","link":"https:\/\/www.fumssar.com.br\/?p=24160","title":{"rendered":"Sa\u00fade Mental: FUMSSAR e RAPS divulgam programa\u00e7\u00e3o no m\u00eas da Luta Antimanicomial"},"content":{"rendered":"\n<figure class=\"wp-block-image\"><img loading=\"lazy\" decoding=\"async\" width=\"860\" height=\"645\" src=\"https:\/\/www.fumssar.com.br\/wp-content\/uploads\/2023\/05\/Formato-Site-e-Portal-860X645-JPG-2023-05-12T153759.960.jpg\" alt=\"\" class=\"wp-image-24161\" srcset=\"https:\/\/www.fumssar.com.br\/wp-content\/uploads\/2023\/05\/Formato-Site-e-Portal-860X645-JPG-2023-05-12T153759.960.jpg 860w, https:\/\/www.fumssar.com.br\/wp-content\/uploads\/2023\/05\/Formato-Site-e-Portal-860X645-JPG-2023-05-12T153759.960-300x225.jpg 300w, https:\/\/www.fumssar.com.br\/wp-content\/uploads\/2023\/05\/Formato-Site-e-Portal-860X645-JPG-2023-05-12T153759.960-768x576.jpg 768w\" sizes=\"(max-width: 860px) 100vw, 860px\" \/><\/figure>\n\n\n\n<p>Durante\ntodo o m\u00eas de maio, m\u00eas que celebra o Movimento da Reforma Psiqui\u00e1trica e da\nLuta Antimanicomial, a Funda\u00e7\u00e3o Municipal de Sa\u00fade de Santa Rosa &#8211; FUMSSAR e a Rede\nde Aten\u00e7\u00e3o Psicossocial &#8211; RAPS, v\u00e3o promover a\u00e7\u00f5es a favor da sa\u00fade mental. A\nprograma\u00e7\u00e3o vai contar com palestras, exibi\u00e7\u00f5es de filmes, rodas de conversa,\noficinas e uma exposi\u00e7\u00e3o de arte, com quadros, esculturas e artesanatos confeccionados\npelos pacientes dos CAPS II \u2013 Novo Rumo e CAPS AD Movimento. As atividades v\u00e3o iniciar\nno dia 15\/05 (segunda-feira), \u00e0s 17h, com a abertura da exposi\u00e7\u00e3o: &#8220;Arte e\nSa\u00fade Mental&#8221;. O evento ser\u00e1 realizado no Centro Cultural Prof. Fioravante\nPedrazzani, em frente \u00e0 Pra\u00e7a da Bandeira.<\/p>\n\n\n\n<p>A\nexposi\u00e7\u00e3o vai ficar dispon\u00edvel para visita\u00e7\u00e3o at\u00e9 o dia 30\/05. Na pr\u00f3xima quinta-feira,\n18 de maio, \u00e9 celebrado o Dia Nacional da Luta Antimanicomial, data que\nsimboliza o Movimento da Reforma Psiqui\u00e1trica. O Presidente da FUMSSAR, D\u00e9lcio\nStefan, destaca que a Gest\u00e3o Municipal em Santa Rosa, vem tratando com\nprioridade o servi\u00e7o de sa\u00fade mental, \u201cAtrav\u00e9s da RAPS, estamos desenvolvendo\num trabalho em conjunto com todos os servi\u00e7os que prestam atendimento de sa\u00fade\nmental no munic\u00edpio. O objetivo \u00e9 compreender a realidade do paciente e\ndesenvolver a\u00e7\u00f5es que promovam o cuidado integral da popula\u00e7\u00e3o\u201d.<\/p>\n\n\n\n<p>O\nMovimento da Luta Antimanicomial tem como foco a batalha pelos direitos das\npessoas com sofrimento mental. A Gerente da RAPS, Fl\u00e1via Albuquerque, psic\u00f3loga\nda FUMSSAR, ressalta a import\u00e2ncia de falar sobre o tema, \u201cO Movimento da Luta Antimanicomial\nfaz lembrar que como todo cidad\u00e3o, as pessoas que passam por algum tipo de sofrimento\nmental, t\u00eam o direito fundamental \u00e0 liberdade, o direito de viver em sociedade\ne de receber o cuidado e tratamento adequados, al\u00e9m do respeito e empatia\u201d.<\/p>\n\n\n\n<p>A programa\u00e7\u00e3o completa para o m\u00eas de maio pode ser conferida no site da prefeitura e da FUMSSAR, assim como, no Instagram: @raps_santa_rosa.<\/p>\n\n\n\n<figure class=\"wp-block-image\"><img loading=\"lazy\" decoding=\"async\" width=\"500\" height=\"375\" src=\"https:\/\/www.fumssar.com.br\/wp-content\/uploads\/2023\/05\/Formato-Intranet-500x375-2023-05-12T154642.623.jpg\" alt=\"\" class=\"wp-image-24162\" srcset=\"https:\/\/www.fumssar.com.br\/wp-content\/uploads\/2023\/05\/Formato-Intranet-500x375-2023-05-12T154642.623.jpg 500w, https:\/\/www.fumssar.com.br\/wp-content\/uploads\/2023\/05\/Formato-Intranet-500x375-2023-05-12T154642.623-300x225.jpg 300w\" sizes=\"(max-width: 500px) 100vw, 500px\" \/><\/figure>\n","protected":false},"excerpt":{"rendered":"<p>Durante todo o m\u00eas de maio, m\u00eas que celebra o Movimento da Reforma Psiqui\u00e1trica e&#8230;<\/p>\n","protected":false},"author":36,"featured_media":24163,"comment_status":"closed","ping_status":"closed","sticky":false,"template":"","format":"standard","meta":{"footnotes":""},"categories":[2],"tags":[],"_links":{"self":[{"href":"https:\/\/www.fumssar.com.br\/index.php?rest_route=\/wp\/v2\/posts\/24160"}],"collection":[{"href":"https:\/\/www.fumssar.com.br\/index.php?rest_route=\/wp\/v2\/posts"}],"about":[{"href":"https:\/\/www.fumssar.com.br\/index.php?rest_route=\/wp\/v2\/types\/post"}],"author":[{"embeddable":true,"href":"https:\/\/www.fumssar.com.br\/index.php?rest_route=\/wp\/v2\/users\/36"}],"replies":[{"embeddable":true,"href":"https:\/\/www.fumssar.com.br\/index.php?rest_route=%2Fwp%2Fv2%2Fcomments&post=24160"}],"version-history":[{"count":1,"href":"https:\/\/www.fumssar.com.br\/index.php?rest_route=\/wp\/v2\/posts\/24160\/revisions"}],"predecessor-version":[{"id":24164,"href":"https:\/\/www.fumssar.com.br\/index.php?rest_route=\/wp\/v2\/posts\/24160\/revisions\/24164"}],"wp:featuredmedia":[{"embeddable":true,"href":"https:\/\/www.fumssar.com.br\/index.php?rest_route=\/wp\/v2\/media\/24163"}],"wp:attachment":[{"href":"https:\/\/www.fumssar.com.br\/index.php?rest_route=%2Fwp%2Fv2%2Fmedia&parent=24160"}],"wp:term":[{"taxonomy":"category","embeddable":true,"href":"https:\/\/www.fumssar.com.br\/index.php?rest_route=%2Fwp%2Fv2%2Fcategories&post=24160"},{"taxonomy":"post_tag","embeddable":true,"href":"https:\/\/www.fumssar.com.br\/index.php?rest_route=%2Fwp%2Fv2%2Ftags&post=24160"}],"curies":[{"name":"wp","href":"https:\/\/api.w.org\/{rel}","templated":true}]}}