{"id":24152,"date":"2023-05-11T10:10:44","date_gmt":"2023-05-11T13:10:44","guid":{"rendered":"http:\/\/www.fumssar.com.br\/?p=24152"},"modified":"2024-10-07T16:32:45","modified_gmt":"2024-10-07T19:32:45","slug":"presidente-da-fumssar-cumpriu-agendas-em-porto-alegre","status":"publish","type":"post","link":"https:\/\/www.fumssar.com.br\/?p=24152","title":{"rendered":"Presidente da FUMSSAR cumpriu agendas em Porto Alegre"},"content":{"rendered":"\n<figure class=\"wp-block-image\"><img loading=\"lazy\" decoding=\"async\" width=\"860\" height=\"645\" src=\"https:\/\/www.fumssar.com.br\/wp-content\/uploads\/2023\/05\/Formato-Site-e-Portal-860X645-JPG-2023-05-11T095031.694.jpg\" alt=\"\" class=\"wp-image-24153\" srcset=\"https:\/\/www.fumssar.com.br\/wp-content\/uploads\/2023\/05\/Formato-Site-e-Portal-860X645-JPG-2023-05-11T095031.694.jpg 860w, https:\/\/www.fumssar.com.br\/wp-content\/uploads\/2023\/05\/Formato-Site-e-Portal-860X645-JPG-2023-05-11T095031.694-300x225.jpg 300w, https:\/\/www.fumssar.com.br\/wp-content\/uploads\/2023\/05\/Formato-Site-e-Portal-860X645-JPG-2023-05-11T095031.694-768x576.jpg 768w\" sizes=\"(max-width: 860px) 100vw, 860px\" \/><\/figure>\n\n\n\n<p>O\nPresidente da Funda\u00e7\u00e3o Municipal de Sa\u00fade de Santa Rosa, D\u00e9lcio Stefan, esteve\nnesta semana, realizando diversas agendas em Porto Alegre. Dentre os compromissos,\no presidente participou de uma reuni\u00e3o com representantes das \u00e1reas t\u00e9cnicas do\nEstado e com a Secret\u00e1ria de Sa\u00fade do Rio Grande do Sul, Arita Bergmann e a Secretaria\nAdjunta, Ana Costa. <\/p>\n\n\n\n<p>Na\noportunidade, foram tratados assuntos de interesse do munic\u00edpio de Santa Rosa, como\nos novos centros de autismo, o servi\u00e7o de cardiologia e do teleatendimento. D\u00e9lcio\ntamb\u00e9m esteve presente na reuni\u00e3o da Comiss\u00e3o Intergestores Bipartite &#8211; CIB e\nSetec, que tratou sobre a recomposi\u00e7\u00e3o dos tetos de m\u00e9dia e alta complexidade estadual.\n\u201cEstamos muito contentes com a acolhida que tivemos da Secret\u00e1ria Arita e de toda\na sua equipe. Levamos v\u00e1rios projetos que v\u00e3o ser em breve, implementados no\nmunic\u00edpio. Nosso compromisso \u00e9 ampliar os servi\u00e7os de sa\u00fade e criar novos\natendimentos para qualificar ainda mais a sa\u00fade em Santa Rosa\u201d, destacou D\u00e9lcio\nStefan.<\/p>\n\n\n\n<p>O\npresidente acompanhou tamb\u00e9m a reuni\u00e3o do Conselho das Secretarias Municipais\nde Sa\u00fade do Rio Grande do Sul \u2013 Cosems\/RS, que promoveu diversos acordos e definiu\nalguns itens referentes ao 33\u00ba Congresso dos Secret\u00e1rios de Sa\u00fade, que ser\u00e1 realizado\nno final do m\u00eas de outubro, na serra ga\u00facha, em Bento Gon\u00e7alves.<\/p>\n","protected":false},"excerpt":{"rendered":"<p>O Presidente da Funda\u00e7\u00e3o Municipal de Sa\u00fade de Santa Rosa, D\u00e9lcio Stefan, esteve nesta semana,&#8230;<\/p>\n","protected":false},"author":36,"featured_media":24154,"comment_status":"closed","ping_status":"closed","sticky":false,"template":"","format":"standard","meta":{"footnotes":""},"categories":[2],"tags":[],"_links":{"self":[{"href":"https:\/\/www.fumssar.com.br\/index.php?rest_route=\/wp\/v2\/posts\/24152"}],"collection":[{"href":"https:\/\/www.fumssar.com.br\/index.php?rest_route=\/wp\/v2\/posts"}],"about":[{"href":"https:\/\/www.fumssar.com.br\/index.php?rest_route=\/wp\/v2\/types\/post"}],"author":[{"embeddable":true,"href":"https:\/\/www.fumssar.com.br\/index.php?rest_route=\/wp\/v2\/users\/36"}],"replies":[{"embeddable":true,"href":"https:\/\/www.fumssar.com.br\/index.php?rest_route=%2Fwp%2Fv2%2Fcomments&post=24152"}],"version-history":[{"count":1,"href":"https:\/\/www.fumssar.com.br\/index.php?rest_route=\/wp\/v2\/posts\/24152\/revisions"}],"predecessor-version":[{"id":24155,"href":"https:\/\/www.fumssar.com.br\/index.php?rest_route=\/wp\/v2\/posts\/24152\/revisions\/24155"}],"wp:featuredmedia":[{"embeddable":true,"href":"https:\/\/www.fumssar.com.br\/index.php?rest_route=\/wp\/v2\/media\/24154"}],"wp:attachment":[{"href":"https:\/\/www.fumssar.com.br\/index.php?rest_route=%2Fwp%2Fv2%2Fmedia&parent=24152"}],"wp:term":[{"taxonomy":"category","embeddable":true,"href":"https:\/\/www.fumssar.com.br\/index.php?rest_route=%2Fwp%2Fv2%2Fcategories&post=24152"},{"taxonomy":"post_tag","embeddable":true,"href":"https:\/\/www.fumssar.com.br\/index.php?rest_route=%2Fwp%2Fv2%2Ftags&post=24152"}],"curies":[{"name":"wp","href":"https:\/\/api.w.org\/{rel}","templated":true}]}}