{"id":24115,"date":"2023-05-04T10:52:32","date_gmt":"2023-05-04T13:52:32","guid":{"rendered":"http:\/\/www.fumssar.com.br\/?p=24115"},"modified":"2024-10-07T16:32:45","modified_gmt":"2024-10-07T19:32:45","slug":"fumssar-vai-realizar-mutirao-de-vacinacao-contra-a-gripe-e-covid-19-bivalente-neste-sabado","status":"publish","type":"post","link":"https:\/\/www.fumssar.com.br\/?p=24115","title":{"rendered":"FUMSSAR vai realizar Mutir\u00e3o de Vacina\u00e7\u00e3o contra a Gripe e COVID-19 (Bivalente) neste s\u00e1bado"},"content":{"rendered":"\n<figure class=\"wp-block-image\"><img loading=\"lazy\" decoding=\"async\" width=\"860\" height=\"645\" src=\"https:\/\/www.fumssar.com.br\/wp-content\/uploads\/2023\/05\/Formato-Site-e-Portal-860X645-JPG-2023-05-04T111730.913.jpg\" alt=\"\" class=\"wp-image-24118\" srcset=\"https:\/\/www.fumssar.com.br\/wp-content\/uploads\/2023\/05\/Formato-Site-e-Portal-860X645-JPG-2023-05-04T111730.913.jpg 860w, https:\/\/www.fumssar.com.br\/wp-content\/uploads\/2023\/05\/Formato-Site-e-Portal-860X645-JPG-2023-05-04T111730.913-300x225.jpg 300w, https:\/\/www.fumssar.com.br\/wp-content\/uploads\/2023\/05\/Formato-Site-e-Portal-860X645-JPG-2023-05-04T111730.913-768x576.jpg 768w\" sizes=\"(max-width: 860px) 100vw, 860px\" \/><\/figure>\n\n\n\n<p>A\nFunda\u00e7\u00e3o Municipal de Sa\u00fade de Santa Rosa vai realizar no pr\u00f3ximo s\u00e1bado (06),\num mutir\u00e3o de vacina\u00e7\u00e3o. V\u00e3o ser aplicadas as vacinas contra a Gripe\n(Influenza) e contra a COVID-19 (Bivalente). A imuniza\u00e7\u00e3o vai acontecer nas\nUnidades B\u00e1sicas de Sa\u00fade do Centro e Cruzeiro, das 08h \u00e0s 14h. Todos que forem\nse vacinar, precisam levar documento com foto, CPF, cart\u00e3o SUS e a caderneta de\nvacina\u00e7\u00e3o.<\/p>\n\n\n\n<p>Podem\nse vacinar contra a gripe, os seguintes grupos priorit\u00e1rios:<\/p>\n\n\n\n<p>&#8211; Pessoas acima de\n60 anos<\/p>\n\n\n\n<p>&#8211; Crian\u00e7as a\npartir de 6 meses at\u00e9 menores de 6 anos<\/p>\n\n\n\n<p>&#8211; Gestantes<\/p>\n\n\n\n<p>&#8211; Pu\u00e9rperas (at\u00e9\n45 dias ap\u00f3s o parto)<\/p>\n\n\n\n<p>&#8211; Imunossuprimidos<\/p>\n\n\n\n<p>&#8211; Profissionais de\nsa\u00fade<\/p>\n\n\n\n<p>&#8211; Profissionais de\neduca\u00e7\u00e3o<\/p>\n\n\n\n<p>&#8211; Pessoas com\ndefici\u00eancia permanente<\/p>\n\n\n\n<p>&#8211; Pessoas com\ncomorbidades<\/p>\n\n\n\n<p>&#8211; Profissionais de\ntransporte coletivo rodovi\u00e1rio de passageiros urbano e de longo curso<\/p>\n\n\n\n<p>&#8211; Profissionais\nportu\u00e1rios<\/p>\n\n\n\n<p>&#8211; Profissionais\ndas for\u00e7as de seguran\u00e7a e salvamento<\/p>\n\n\n\n<p>&#8211; Profissionais\ndas For\u00e7as Armadas<\/p>\n\n\n\n<p>&#8211; Profissionais do\nsistema prisional e popula\u00e7\u00e3o privada de liberdade, incluindo adolescentes em\nmedidas socioeducativas<\/p>\n\n\n\n<p>A\nimuniza\u00e7\u00e3o com a vacina bivalente contra a COVID\u201319, vai estar dispon\u00edvel para todas\nas pessoas maiores de 18 anos, que tenham se vacinado com pelo menos duas doses\nda vacina monovalente, sendo que a \u00faltima dose, deve ter sido realizada h\u00e1,\npelo menos, quatro meses.<\/p>\n","protected":false},"excerpt":{"rendered":"<p>A Funda\u00e7\u00e3o Municipal de Sa\u00fade de Santa Rosa vai realizar no pr\u00f3ximo s\u00e1bado (06), um&#8230;<\/p>\n","protected":false},"author":36,"featured_media":24119,"comment_status":"closed","ping_status":"closed","sticky":false,"template":"","format":"standard","meta":{"footnotes":""},"categories":[2],"tags":[],"_links":{"self":[{"href":"https:\/\/www.fumssar.com.br\/index.php?rest_route=\/wp\/v2\/posts\/24115"}],"collection":[{"href":"https:\/\/www.fumssar.com.br\/index.php?rest_route=\/wp\/v2\/posts"}],"about":[{"href":"https:\/\/www.fumssar.com.br\/index.php?rest_route=\/wp\/v2\/types\/post"}],"author":[{"embeddable":true,"href":"https:\/\/www.fumssar.com.br\/index.php?rest_route=\/wp\/v2\/users\/36"}],"replies":[{"embeddable":true,"href":"https:\/\/www.fumssar.com.br\/index.php?rest_route=%2Fwp%2Fv2%2Fcomments&post=24115"}],"version-history":[{"count":2,"href":"https:\/\/www.fumssar.com.br\/index.php?rest_route=\/wp\/v2\/posts\/24115\/revisions"}],"predecessor-version":[{"id":24120,"href":"https:\/\/www.fumssar.com.br\/index.php?rest_route=\/wp\/v2\/posts\/24115\/revisions\/24120"}],"wp:featuredmedia":[{"embeddable":true,"href":"https:\/\/www.fumssar.com.br\/index.php?rest_route=\/wp\/v2\/media\/24119"}],"wp:attachment":[{"href":"https:\/\/www.fumssar.com.br\/index.php?rest_route=%2Fwp%2Fv2%2Fmedia&parent=24115"}],"wp:term":[{"taxonomy":"category","embeddable":true,"href":"https:\/\/www.fumssar.com.br\/index.php?rest_route=%2Fwp%2Fv2%2Fcategories&post=24115"},{"taxonomy":"post_tag","embeddable":true,"href":"https:\/\/www.fumssar.com.br\/index.php?rest_route=%2Fwp%2Fv2%2Ftags&post=24115"}],"curies":[{"name":"wp","href":"https:\/\/api.w.org\/{rel}","templated":true}]}}