{"id":24066,"date":"2023-04-28T17:10:15","date_gmt":"2023-04-28T20:10:15","guid":{"rendered":"http:\/\/www.fumssar.com.br\/?p=24066"},"modified":"2024-10-07T16:32:45","modified_gmt":"2024-10-07T19:32:45","slug":"fumssar-celebra-o-dia-mundial-da-seguranca-e-saude-no-trabalho","status":"publish","type":"post","link":"https:\/\/www.fumssar.com.br\/?p=24066","title":{"rendered":"FUMSSAR celebra o Dia Mundial da Seguran\u00e7a e Sa\u00fade no Trabalho"},"content":{"rendered":"\n<figure class=\"wp-block-image\"><img loading=\"lazy\" decoding=\"async\" width=\"860\" height=\"645\" src=\"http:\/\/www.fumssar.com.br\/wp-content\/uploads\/2023\/04\/Formato-Site-e-Portal-860X645-JPG-1.png\" alt=\"\" class=\"wp-image-24067\" srcset=\"https:\/\/www.fumssar.com.br\/wp-content\/uploads\/2023\/04\/Formato-Site-e-Portal-860X645-JPG-1.png 860w, https:\/\/www.fumssar.com.br\/wp-content\/uploads\/2023\/04\/Formato-Site-e-Portal-860X645-JPG-1-300x225.png 300w, https:\/\/www.fumssar.com.br\/wp-content\/uploads\/2023\/04\/Formato-Site-e-Portal-860X645-JPG-1-768x576.png 768w\" sizes=\"(max-width: 860px) 100vw, 860px\" \/><\/figure>\n\n\n\n<p>A Funda\u00e7\u00e3o\nMunicipal de Sa\u00fade de Santa Rosa atrav\u00e9s da esquipe do CEREST Fronteira Noroeste &#8211; Centro\nde Refer\u00eancia em Sa\u00fade do Trabalhador, celebra nesta sexta-feira, 28 de abril,\no Dia Mundial da Seguran\u00e7a e Sa\u00fade no Trabalho. A a\u00e7\u00e3o faz parte da Campanha\nAbril Verde, que tem como foco, a conscientiza\u00e7\u00e3o para preven\u00e7\u00e3o de acidentes e doen\u00e7as\nrelacionadas ao trabalho.<\/p>\n\n\n\n<p>O CEREST Fronteira Noroeste atua em Santa Rosa e mais\n22 munic\u00edpios da regi\u00e3o. O servi\u00e7o faz parte da Rede Nacional de Aten\u00e7\u00e3o\nIntegral \u00e0 Sa\u00fade do Trabalhador &#8211; RENAST, do Sistema \u00danico de Sa\u00fade &#8211; SUS. O T\u00e9cnico de Seguran\u00e7a do Trabalho da FUMSSAR, Marcos\nSilva, destaca que o Abril Verde teve como objetivo promover a\u00e7\u00f5es de\nconscientiza\u00e7\u00e3o, visando \u00e0 sa\u00fade e seguran\u00e7a dos trabalhadores, \u201cMuito mais que\nsensibilizar as partes envolvidas nas rela\u00e7\u00f5es de trabalho, \u00e9 necess\u00e1rio chamar\na aten\u00e7\u00e3o para a necessidade\nde se investir em pol\u00edticas e pr\u00e1ticas que garantam um ambiente de trabalho\nseguro e saud\u00e1vel\u201d.<\/p>\n\n\n\n<p>Segundo dados do Observat\u00f3rio de Seguran\u00e7a e Sa\u00fade no Trabalho:\nde 2012 a 2022, foram comunicados no Brasil 6,7 milh\u00f5es acidentes de trabalho e\n25,5 mil mortes no emprego com carteira assinada; 2,3 milh\u00f5es de afastamentos\npelo INSS em raz\u00e3o de doen\u00e7as e acidentes de trabalho e R$ 136 bilh\u00f5es gastos\ncom benef\u00edcios previdenci\u00e1rios acident\u00e1rios, incluindo aux\u00edlios-doen\u00e7a,\naposentadorias por invalidez, pens\u00f5es por morte e aux\u00edlios-acidente\nrelacionados ao trabalho. NoRio Grande do Sul, apenas em 2022,\nforam 50,5 mil acidentes de trabalho, o que representa 8,23% dos acidentes no pa\u00eds.<\/p>\n\n\n\n<p>Nesse contexto de\npreven\u00e7\u00e3o de acidentes e doen\u00e7as relacionadas ao trabalho, bem como, na\npromo\u00e7\u00e3o de ambientes de trabalho mais seguros e saud\u00e1veis, os Centros\nRegionais de Refer\u00eancia em Sa\u00fade do Trabalhador \u2013 CEREST\u2019s atuam alicer\u00e7ados em\ntr\u00eas eixos: Vigil\u00e2ncia, Educa\u00e7\u00e3o e Assist\u00eancia, sendo que a vigil\u00e2ncia consiste\nnas inspe\u00e7\u00f5es dos ambientes de trabalho, a educa\u00e7\u00e3o na promo\u00e7\u00e3o da\nsensibiliza\u00e7\u00e3o e dissemina\u00e7\u00e3o de informa\u00e7\u00f5es e a assist\u00eancia, com foco na\nreabilita\u00e7\u00e3o de trabalhadores acometidos de agravos relacionados ao trabalho.<\/p>\n","protected":false},"excerpt":{"rendered":"<p>A Funda\u00e7\u00e3o Municipal de Sa\u00fade de Santa Rosa atrav\u00e9s da esquipe do CEREST Fronteira Noroeste&#8230;<\/p>\n","protected":false},"author":36,"featured_media":24067,"comment_status":"closed","ping_status":"closed","sticky":false,"template":"","format":"standard","meta":{"footnotes":""},"categories":[2],"tags":[],"_links":{"self":[{"href":"https:\/\/www.fumssar.com.br\/index.php?rest_route=\/wp\/v2\/posts\/24066"}],"collection":[{"href":"https:\/\/www.fumssar.com.br\/index.php?rest_route=\/wp\/v2\/posts"}],"about":[{"href":"https:\/\/www.fumssar.com.br\/index.php?rest_route=\/wp\/v2\/types\/post"}],"author":[{"embeddable":true,"href":"https:\/\/www.fumssar.com.br\/index.php?rest_route=\/wp\/v2\/users\/36"}],"replies":[{"embeddable":true,"href":"https:\/\/www.fumssar.com.br\/index.php?rest_route=%2Fwp%2Fv2%2Fcomments&post=24066"}],"version-history":[{"count":1,"href":"https:\/\/www.fumssar.com.br\/index.php?rest_route=\/wp\/v2\/posts\/24066\/revisions"}],"predecessor-version":[{"id":24068,"href":"https:\/\/www.fumssar.com.br\/index.php?rest_route=\/wp\/v2\/posts\/24066\/revisions\/24068"}],"wp:featuredmedia":[{"embeddable":true,"href":"https:\/\/www.fumssar.com.br\/index.php?rest_route=\/wp\/v2\/media\/24067"}],"wp:attachment":[{"href":"https:\/\/www.fumssar.com.br\/index.php?rest_route=%2Fwp%2Fv2%2Fmedia&parent=24066"}],"wp:term":[{"taxonomy":"category","embeddable":true,"href":"https:\/\/www.fumssar.com.br\/index.php?rest_route=%2Fwp%2Fv2%2Fcategories&post=24066"},{"taxonomy":"post_tag","embeddable":true,"href":"https:\/\/www.fumssar.com.br\/index.php?rest_route=%2Fwp%2Fv2%2Ftags&post=24066"}],"curies":[{"name":"wp","href":"https:\/\/api.w.org\/{rel}","templated":true}]}}