{"id":24063,"date":"2023-04-28T17:05:38","date_gmt":"2023-04-28T20:05:38","guid":{"rendered":"http:\/\/www.fumssar.com.br\/?p=24063"},"modified":"2024-10-07T16:32:45","modified_gmt":"2024-10-07T19:32:45","slug":"pre-seminario-da-primeira-infancia-foi-realizado-em-santa-rosa","status":"publish","type":"post","link":"https:\/\/www.fumssar.com.br\/?p=24063","title":{"rendered":"Pr\u00e9-Semin\u00e1rio da Primeira Inf\u00e2ncia foi realizado em Santa Rosa"},"content":{"rendered":"\n<figure class=\"wp-block-image\"><img loading=\"lazy\" decoding=\"async\" width=\"860\" height=\"645\" src=\"https:\/\/www.fumssar.com.br\/wp-content\/uploads\/2023\/04\/semin\u00e1rio-2.png\" alt=\"\" class=\"wp-image-24064\" srcset=\"https:\/\/www.fumssar.com.br\/wp-content\/uploads\/2023\/04\/semin\u00e1rio-2.png 860w, https:\/\/www.fumssar.com.br\/wp-content\/uploads\/2023\/04\/semin\u00e1rio-2-300x225.png 300w, https:\/\/www.fumssar.com.br\/wp-content\/uploads\/2023\/04\/semin\u00e1rio-2-768x576.png 768w\" sizes=\"(max-width: 860px) 100vw, 860px\" \/><\/figure>\n\n\n\n<p>A\nFUMSSAR por meio da equipe do Departamento de Aten\u00e7\u00e3o Prim\u00e1ria em Sa\u00fade\nrealizou na tarde desta sexta-feira (28), o Pr\u00e9-Semin\u00e1rio da Primeira Inf\u00e2ncia.\nA a\u00e7\u00e3o aconteceu no NEP \u2013 N\u00facleo de Ensino e Pesquisa. O objetivo foi incentivar\na promo\u00e7\u00e3o e a preven\u00e7\u00e3o na sa\u00fade infantil, atrav\u00e9s do trabalho\nmultidisciplinar. O evento foi transmitido tamb\u00e9m de forma online, pela\nplataforma Youtube, no Canal da Macrorregional TEA Santa Rosa.<\/p>\n\n\n\n<p>Na\noportunidade, foram realizadas duas palestras com temas voltados para a\nprimeira inf\u00e2ncia. A primeira delas foi com a Dra. Cec\u00edlia Claudia Costa\nRibeiro, que falou sobre: \u201cOs primeiros mil dias de vida: uma janela de\noportunidades para preven\u00e7\u00e3o das doen\u00e7as n\u00e3o transmiss\u00edveis bucais e sist\u00eamicas\u201d.\nA Diretora da Aten\u00e7\u00e3o Prim\u00e1ria em Sa\u00fade, Fabiana Breitenbach, destacou a\nimport\u00e2ncia das a\u00e7\u00f5es educativas em sa\u00fade, \u201cEsta \u00e9 uma \u00f3tima oportunidade que\nos profissionais de sa\u00fade t\u00eam para ampliar seus conhecimentos e aprender um\npouco mais sobre o cuidado infantil\u201d.<\/p>\n\n\n\n<p>Na\nsequ\u00eancia, o m\u00e9dico Pediatra da Funda\u00e7\u00e3o de Sa\u00fade, Dr. F\u00e1bio Queruz, abordou o\ntema: \u201cAten\u00e7\u00e3o multidisciplinar na sa\u00fade Infantil\u201d.<\/p>\n","protected":false},"excerpt":{"rendered":"<p>A FUMSSAR por meio da equipe do Departamento de Aten\u00e7\u00e3o Prim\u00e1ria em Sa\u00fade realizou na&#8230;<\/p>\n","protected":false},"author":36,"featured_media":24064,"comment_status":"closed","ping_status":"closed","sticky":false,"template":"","format":"standard","meta":{"footnotes":""},"categories":[2],"tags":[],"_links":{"self":[{"href":"https:\/\/www.fumssar.com.br\/index.php?rest_route=\/wp\/v2\/posts\/24063"}],"collection":[{"href":"https:\/\/www.fumssar.com.br\/index.php?rest_route=\/wp\/v2\/posts"}],"about":[{"href":"https:\/\/www.fumssar.com.br\/index.php?rest_route=\/wp\/v2\/types\/post"}],"author":[{"embeddable":true,"href":"https:\/\/www.fumssar.com.br\/index.php?rest_route=\/wp\/v2\/users\/36"}],"replies":[{"embeddable":true,"href":"https:\/\/www.fumssar.com.br\/index.php?rest_route=%2Fwp%2Fv2%2Fcomments&post=24063"}],"version-history":[{"count":1,"href":"https:\/\/www.fumssar.com.br\/index.php?rest_route=\/wp\/v2\/posts\/24063\/revisions"}],"predecessor-version":[{"id":24065,"href":"https:\/\/www.fumssar.com.br\/index.php?rest_route=\/wp\/v2\/posts\/24063\/revisions\/24065"}],"wp:featuredmedia":[{"embeddable":true,"href":"https:\/\/www.fumssar.com.br\/index.php?rest_route=\/wp\/v2\/media\/24064"}],"wp:attachment":[{"href":"https:\/\/www.fumssar.com.br\/index.php?rest_route=%2Fwp%2Fv2%2Fmedia&parent=24063"}],"wp:term":[{"taxonomy":"category","embeddable":true,"href":"https:\/\/www.fumssar.com.br\/index.php?rest_route=%2Fwp%2Fv2%2Fcategories&post=24063"},{"taxonomy":"post_tag","embeddable":true,"href":"https:\/\/www.fumssar.com.br\/index.php?rest_route=%2Fwp%2Fv2%2Ftags&post=24063"}],"curies":[{"name":"wp","href":"https:\/\/api.w.org\/{rel}","templated":true}]}}