{"id":23944,"date":"2023-04-25T15:14:57","date_gmt":"2023-04-25T18:14:57","guid":{"rendered":"http:\/\/www.fumssar.com.br\/?p=23944"},"modified":"2024-10-07T16:32:45","modified_gmt":"2024-10-07T19:32:45","slug":"grupo-de-gestantes-e-destaque-no-3o-turno-da-ubs-sulina","status":"publish","type":"post","link":"https:\/\/www.fumssar.com.br\/?p=23944","title":{"rendered":"Grupo de Gestantes \u00e9 destaque no 3\u00ba turno da UBS Sulina"},"content":{"rendered":"\n<figure class=\"wp-block-image\"><img loading=\"lazy\" decoding=\"async\" width=\"860\" height=\"645\" src=\"https:\/\/www.fumssar.com.br\/wp-content\/uploads\/2023\/04\/gestantes-sulina.jpg\" alt=\"\" class=\"wp-image-23945\" srcset=\"https:\/\/www.fumssar.com.br\/wp-content\/uploads\/2023\/04\/gestantes-sulina.jpg 860w, https:\/\/www.fumssar.com.br\/wp-content\/uploads\/2023\/04\/gestantes-sulina-300x225.jpg 300w, https:\/\/www.fumssar.com.br\/wp-content\/uploads\/2023\/04\/gestantes-sulina-768x576.jpg 768w\" sizes=\"(max-width: 860px) 100vw, 860px\" \/><\/figure>\n\n\n\n<p>Uma nova vida est\u00e1 a caminho e junto com ela, muitas d\u00favidas surgem. Como se preparar para o nascimento? Como vai ser o parto? O que fazer para estimular o desenvolvimento do beb\u00ea? Essas e outras perguntas s\u00e3o respondidas no Grupo de Gestantes que \u00e9 realizado na Unidade B\u00e1sica de Sa\u00fade da Sulina. Os encontros acontecem no 3\u00ba turno, oportunizando que os pais realizem tamb\u00e9m, o Pr\u00e9-Natal do Parceiro e possam participar deste momento t\u00e3o importante na vida do casal. <\/p>\n\n\n\n<p> O objetivo do grupo \u00e9 realizar a troca de experi\u00eancias e conhecimentos. A a\u00e7\u00e3o conta com a participa\u00e7\u00e3o de uma equipe multiprofissional que desenvolve ao longo dos encontros, atividades educativas em sa\u00fade, dos mais diversos temas. As reuni\u00f5es s\u00e3o realizadas mensalmente, com dura\u00e7\u00e3o de uma hora e meia cada. A Enfermeira V\u00e2nia Ribas, uma das coordenadoras do grupo, destacou o trabalho da equipe, que tem se empenhado para proporcionar um atendimento humanizado e qualificado para as gestantes e os parceiros, \u201cO grupo \u00e9 uma oportunidade que a futura mam\u00e3e tem de interagir com outras gestantes e com todos os profissionais, servindo de espa\u00e7o para orienta\u00e7\u00e3o e esclarecimentos de d\u00favidas. A realiza\u00e7\u00e3o dos encontros proporciona um interc\u00e2mbio de experi\u00eancias e conhecimentos, aprimorando a forma de compreens\u00e3o de todo o processo da gesta\u00e7\u00e3o\u201d.<\/p>\n\n\n\n<p> Diversos temas s\u00e3o abordados durante os encontros, como: alimenta\u00e7\u00e3o saud\u00e1vel na gesta\u00e7\u00e3o, aleitamento materno, sa\u00fade bucal, tipos de parto, cuidados com o rec\u00e9m-nascido (banho, higiene do coto umbilical, primeiros socorros, caderneta da gestante e da crian\u00e7a e higieniza\u00e7\u00e3o corporal). A Operadora de Caixa, Jaqueline Valensuela da Silva, de 32 anos, gr\u00e1vida de 32 semanas do S\u00e9rgio Valentin, \u00e9 uma das participantes e ressaltou a alegria de poder receber todo esse conhecimento, \u201cTem sido incr\u00edvel participar do grupo de gestantes. Esta \u00e9 minha terceira gesta\u00e7\u00e3o, mas cada vez que participo do grupo, relembro instru\u00e7\u00f5es e aprendo coisas novas. Muitas incertezas passam pela nossa mente e esse \u00e9 um momento que podemos esclarecer as d\u00favidas e aprender com uma equipe fant\u00e1stica que nos auxilia em tudo o que precisamos\u201d.<\/p>\n\n\n\n<p> O Presidente da FUMSSAR, D\u00e9lcio Stefan, refor\u00e7ou que o Governo Municipal tem investido na qualifica\u00e7\u00e3o cont\u00ednua dos profissionais de sa\u00fade, sempre pensando em oferecer um cuidado integral para a popula\u00e7\u00e3o, \u201cA sa\u00fade da mulher \u00e9 um dos principais servi\u00e7os realizados nas UBS\u2019s. \u00c9 l\u00e1 na unidade, que a futura mam\u00e3e recebe todo o suporte, esclarece d\u00favidas e tem um acompanhamento mensal durante toda a gesta\u00e7\u00e3o\u201d. Al\u00e9m dos cuidados com o rec\u00e9m-nascido, as gestantes tamb\u00e9m recebem informa\u00e7\u00f5es sobre a preven\u00e7\u00e3o de doen\u00e7as sexualmente transmiss\u00edveis, toxoplasmose e algumas s\u00edndromes na gesta\u00e7\u00e3o. Outro grande destaque, \u00e9 o encontro sobre a aquisi\u00e7\u00e3o e desenvolvimento da fala e da linguagem e de atividades recreativas que auxiliam no desenvolvimento do beb\u00ea.<\/p>\n","protected":false},"excerpt":{"rendered":"<p>Uma nova vida est\u00e1 a caminho e junto com ela, muitas d\u00favidas surgem. Como se&#8230;<\/p>\n","protected":false},"author":36,"featured_media":23946,"comment_status":"closed","ping_status":"closed","sticky":false,"template":"","format":"standard","meta":{"footnotes":""},"categories":[2],"tags":[],"_links":{"self":[{"href":"https:\/\/www.fumssar.com.br\/index.php?rest_route=\/wp\/v2\/posts\/23944"}],"collection":[{"href":"https:\/\/www.fumssar.com.br\/index.php?rest_route=\/wp\/v2\/posts"}],"about":[{"href":"https:\/\/www.fumssar.com.br\/index.php?rest_route=\/wp\/v2\/types\/post"}],"author":[{"embeddable":true,"href":"https:\/\/www.fumssar.com.br\/index.php?rest_route=\/wp\/v2\/users\/36"}],"replies":[{"embeddable":true,"href":"https:\/\/www.fumssar.com.br\/index.php?rest_route=%2Fwp%2Fv2%2Fcomments&post=23944"}],"version-history":[{"count":1,"href":"https:\/\/www.fumssar.com.br\/index.php?rest_route=\/wp\/v2\/posts\/23944\/revisions"}],"predecessor-version":[{"id":23947,"href":"https:\/\/www.fumssar.com.br\/index.php?rest_route=\/wp\/v2\/posts\/23944\/revisions\/23947"}],"wp:featuredmedia":[{"embeddable":true,"href":"https:\/\/www.fumssar.com.br\/index.php?rest_route=\/wp\/v2\/media\/23946"}],"wp:attachment":[{"href":"https:\/\/www.fumssar.com.br\/index.php?rest_route=%2Fwp%2Fv2%2Fmedia&parent=23944"}],"wp:term":[{"taxonomy":"category","embeddable":true,"href":"https:\/\/www.fumssar.com.br\/index.php?rest_route=%2Fwp%2Fv2%2Fcategories&post=23944"},{"taxonomy":"post_tag","embeddable":true,"href":"https:\/\/www.fumssar.com.br\/index.php?rest_route=%2Fwp%2Fv2%2Ftags&post=23944"}],"curies":[{"name":"wp","href":"https:\/\/api.w.org\/{rel}","templated":true}]}}