{"id":23940,"date":"2023-04-24T16:09:01","date_gmt":"2023-04-24T19:09:01","guid":{"rendered":"http:\/\/www.fumssar.com.br\/?p=23940"},"modified":"2024-10-07T16:32:45","modified_gmt":"2024-10-07T19:32:45","slug":"grupo-para-pessoas-com-doencas-cronicas-inicia-na-ubs-julio-de-oliveira","status":"publish","type":"post","link":"https:\/\/www.fumssar.com.br\/?p=23940","title":{"rendered":"Grupo para pessoas com doen\u00e7as cr\u00f4nicas inicia na UBS J\u00falio de Oliveira"},"content":{"rendered":"\n<figure class=\"wp-block-image\"><img loading=\"lazy\" decoding=\"async\" width=\"860\" height=\"645\" src=\"http:\/\/www.fumssar.com.br\/wp-content\/uploads\/2023\/04\/cr\u00f4nicos.jpg\" alt=\"\" class=\"wp-image-23941\" srcset=\"https:\/\/www.fumssar.com.br\/wp-content\/uploads\/2023\/04\/cr\u00f4nicos.jpg 860w, https:\/\/www.fumssar.com.br\/wp-content\/uploads\/2023\/04\/cr\u00f4nicos-300x225.jpg 300w, https:\/\/www.fumssar.com.br\/wp-content\/uploads\/2023\/04\/cr\u00f4nicos-768x576.jpg 768w\" sizes=\"(max-width: 860px) 100vw, 860px\" \/><\/figure>\n\n\n\n<p>A FUMSSAR, atrav\u00e9s das Unidades B\u00e1sicas de Sa\u00fade, disponibiliza para os cidad\u00e3os diferentes servi\u00e7os de preven\u00e7\u00e3o e cuidados da sa\u00fade. Na \u00faltima semana, a equipe da UBS J\u00falio de Oliveira, iniciou as atividades coletivas destinadas para portadores de doen\u00e7as cr\u00f4nicas n\u00e3o transmiss\u00edveis, como o diabetes e a hipertens\u00e3o. A a\u00e7\u00e3o contou com a participa\u00e7\u00e3o dos integrantes da resid\u00eancia multiprofissional que realizaram diversos procedimentos, entre eles, medi\u00e7\u00e3o de altura, pesagem, verifica\u00e7\u00e3o da press\u00e3o arterial e da glicemia. Todos os dados foram coletados para auxiliar na elabora\u00e7\u00e3o de um plano de cuidado individual e no monitoramento do controle das condi\u00e7\u00f5es de sa\u00fade de cada participante.<\/p>\n\n\n\n<p>Na oportunidade, os presentes tamb\u00e9m ouviram uma palestra com o tema: \u201cUso Racional de Medicamentos\u201d. Segundo a Coordenadora da UBS J\u00falio de Oliveira, Lenita Dalcin, as a\u00e7\u00f5es coletivas de educa\u00e7\u00e3o em sa\u00fade s\u00e3o um diferencial no cuidado integral dos usu\u00e1rios, \u201cAtrav\u00e9s do trabalho realizado com grupos, conseguimos observar e acompanhar melhor os usu\u00e1rios da nossa unidade. Um servi\u00e7o muito importante que s\u00f3 acontece, devido ao grande empenho e dedica\u00e7\u00e3o de todos os profissionais envolvidos\u201d.<\/p>\n\n\n\n<p>A partir de agora, os encontros ser\u00e3o mensais sempre com atividades voltadas para melhorar a sa\u00fade dos participantes. O Presidente da FUMSSAR, D\u00e9lcio Stefan, destaca a a\u00e7\u00e3o, \u201cO nosso objetivo \u00e9 promover um cuidado integral e humanizado da popula\u00e7\u00e3o\u201d. Estiveram presentes no evento, o Coordenador da Vigil\u00e2ncia Sanit\u00e1ria, M\u00e9dico Veterin\u00e1rio, Ricardo Ledur e a Diretora da Aten\u00e7\u00e3o Prim\u00e1ria \u00e0 Sa\u00fade, Dra. Fabiana Breitenbach.<\/p>\n","protected":false},"excerpt":{"rendered":"<p>A FUMSSAR, atrav\u00e9s das Unidades B\u00e1sicas de Sa\u00fade, disponibiliza para os cidad\u00e3os diferentes servi\u00e7os de&#8230;<\/p>\n","protected":false},"author":36,"featured_media":23942,"comment_status":"closed","ping_status":"closed","sticky":false,"template":"","format":"standard","meta":{"footnotes":""},"categories":[2],"tags":[],"_links":{"self":[{"href":"https:\/\/www.fumssar.com.br\/index.php?rest_route=\/wp\/v2\/posts\/23940"}],"collection":[{"href":"https:\/\/www.fumssar.com.br\/index.php?rest_route=\/wp\/v2\/posts"}],"about":[{"href":"https:\/\/www.fumssar.com.br\/index.php?rest_route=\/wp\/v2\/types\/post"}],"author":[{"embeddable":true,"href":"https:\/\/www.fumssar.com.br\/index.php?rest_route=\/wp\/v2\/users\/36"}],"replies":[{"embeddable":true,"href":"https:\/\/www.fumssar.com.br\/index.php?rest_route=%2Fwp%2Fv2%2Fcomments&post=23940"}],"version-history":[{"count":1,"href":"https:\/\/www.fumssar.com.br\/index.php?rest_route=\/wp\/v2\/posts\/23940\/revisions"}],"predecessor-version":[{"id":23943,"href":"https:\/\/www.fumssar.com.br\/index.php?rest_route=\/wp\/v2\/posts\/23940\/revisions\/23943"}],"wp:featuredmedia":[{"embeddable":true,"href":"https:\/\/www.fumssar.com.br\/index.php?rest_route=\/wp\/v2\/media\/23942"}],"wp:attachment":[{"href":"https:\/\/www.fumssar.com.br\/index.php?rest_route=%2Fwp%2Fv2%2Fmedia&parent=23940"}],"wp:term":[{"taxonomy":"category","embeddable":true,"href":"https:\/\/www.fumssar.com.br\/index.php?rest_route=%2Fwp%2Fv2%2Fcategories&post=23940"},{"taxonomy":"post_tag","embeddable":true,"href":"https:\/\/www.fumssar.com.br\/index.php?rest_route=%2Fwp%2Fv2%2Ftags&post=23940"}],"curies":[{"name":"wp","href":"https:\/\/api.w.org\/{rel}","templated":true}]}}