{"id":23928,"date":"2023-04-20T16:48:28","date_gmt":"2023-04-20T19:48:28","guid":{"rendered":"http:\/\/www.fumssar.com.br\/?p=23928"},"modified":"2024-10-07T16:32:46","modified_gmt":"2024-10-07T19:32:46","slug":"acao-de-prevencao-em-saude-bucal-acontece-na-emef-pedro-speroni","status":"publish","type":"post","link":"https:\/\/www.fumssar.com.br\/?p=23928","title":{"rendered":"A\u00e7\u00e3o de preven\u00e7\u00e3o em sa\u00fade bucal acontece na EMEF Pedro Speroni"},"content":{"rendered":"\n<figure class=\"wp-block-image\"><img loading=\"lazy\" decoding=\"async\" width=\"1024\" height=\"577\" src=\"https:\/\/www.fumssar.com.br\/wp-content\/uploads\/2023\/04\/bucal-1024x577.jpg\" alt=\"\" class=\"wp-image-23929\" srcset=\"https:\/\/www.fumssar.com.br\/wp-content\/uploads\/2023\/04\/bucal-1024x577.jpg 1024w, https:\/\/www.fumssar.com.br\/wp-content\/uploads\/2023\/04\/bucal-300x169.jpg 300w, https:\/\/www.fumssar.com.br\/wp-content\/uploads\/2023\/04\/bucal-768x433.jpg 768w, https:\/\/www.fumssar.com.br\/wp-content\/uploads\/2023\/04\/bucal.jpg 1600w\" sizes=\"(max-width: 1024px) 100vw, 1024px\" \/><\/figure>\n\n\n\n<p>A\nsa\u00fade bucal \u00e9 um fator que est\u00e1 interligado diretamente com a qualidade de vida\ndas pessoas. Possuir uma boa sa\u00fade bucal, significa preservar habilidades como:\na mastiga\u00e7\u00e3o, a respira\u00e7\u00e3o e a fala. Da mesma forma, n\u00e3o ter uma boa higiene ou\ncuidados com a boca, gera um desequil\u00edbrio nesta \u00e1rea, liberando o acesso para\nbact\u00e9rias e fungos. Para evitar estes problemas e prevenir doen\u00e7as, a FUMSSAR,\natrav\u00e9s das equipes das Unidades B\u00e1sicas de Sa\u00fade, tem realizado a\u00e7\u00f5es\neducativas nas escolas de Santa Rosa. Nesta quarta-feira (19), profissionais da\nUBS J\u00falio de Oliveira, estiveram na EMEF Pedro Speroni, promovendo atividades\nde preven\u00e7\u00e3o em sa\u00fade bucal.<\/p>\n\n\n\n<p>Na\noportunidade, os alunos tiveram conhecimentos de como ter uma boa higiene bucal\ne cuidados para evitar a c\u00e1rie dent\u00e1ria, gengivite, perda precoce dos dentes e\ninfec\u00e7\u00f5es endod\u00f4nticas. A Cirurgi\u00e3-dentista, Maria Clara Busnello, destacou que\na atividade tamb\u00e9m serviu para alertar as crian\u00e7as e os adolescentes sobre a import\u00e2ncia\nda visita regular ao dentista, \u201cA preven\u00e7\u00e3o \u00e9 fundamental na sa\u00fade bucal, pois\nn\u00e3o est\u00e1 correlacionada apenas com a est\u00e9tica dent\u00e1ria e sim, com o bem-estar individual,\ntanto f\u00edsico quanto mental\u201d.<\/p>\n\n\n\n<p>Os\nalunos de cada turma, passaram por uma avalia\u00e7\u00e3o. Os casos que necessitavam de\ninterven\u00e7\u00e3o odontol\u00f3gica, foram encaminhados para a Unidade B\u00e1sica de Sa\u00fade de\nrefer\u00eancia. <\/p>\n","protected":false},"excerpt":{"rendered":"<p>A sa\u00fade bucal \u00e9 um fator que est\u00e1 interligado diretamente com a qualidade de vida&#8230;<\/p>\n","protected":false},"author":36,"featured_media":23929,"comment_status":"closed","ping_status":"closed","sticky":false,"template":"","format":"standard","meta":{"footnotes":""},"categories":[2],"tags":[],"_links":{"self":[{"href":"https:\/\/www.fumssar.com.br\/index.php?rest_route=\/wp\/v2\/posts\/23928"}],"collection":[{"href":"https:\/\/www.fumssar.com.br\/index.php?rest_route=\/wp\/v2\/posts"}],"about":[{"href":"https:\/\/www.fumssar.com.br\/index.php?rest_route=\/wp\/v2\/types\/post"}],"author":[{"embeddable":true,"href":"https:\/\/www.fumssar.com.br\/index.php?rest_route=\/wp\/v2\/users\/36"}],"replies":[{"embeddable":true,"href":"https:\/\/www.fumssar.com.br\/index.php?rest_route=%2Fwp%2Fv2%2Fcomments&post=23928"}],"version-history":[{"count":1,"href":"https:\/\/www.fumssar.com.br\/index.php?rest_route=\/wp\/v2\/posts\/23928\/revisions"}],"predecessor-version":[{"id":23930,"href":"https:\/\/www.fumssar.com.br\/index.php?rest_route=\/wp\/v2\/posts\/23928\/revisions\/23930"}],"wp:featuredmedia":[{"embeddable":true,"href":"https:\/\/www.fumssar.com.br\/index.php?rest_route=\/wp\/v2\/media\/23929"}],"wp:attachment":[{"href":"https:\/\/www.fumssar.com.br\/index.php?rest_route=%2Fwp%2Fv2%2Fmedia&parent=23928"}],"wp:term":[{"taxonomy":"category","embeddable":true,"href":"https:\/\/www.fumssar.com.br\/index.php?rest_route=%2Fwp%2Fv2%2Fcategories&post=23928"},{"taxonomy":"post_tag","embeddable":true,"href":"https:\/\/www.fumssar.com.br\/index.php?rest_route=%2Fwp%2Fv2%2Ftags&post=23928"}],"curies":[{"name":"wp","href":"https:\/\/api.w.org\/{rel}","templated":true}]}}