{"id":23766,"date":"2023-04-13T11:14:19","date_gmt":"2023-04-13T14:14:19","guid":{"rendered":"http:\/\/www.fumssar.com.br\/?p=23766"},"modified":"2024-10-07T16:32:46","modified_gmt":"2024-10-07T19:32:46","slug":"sabado-e-dia-de-mutirao-de-vacinacao-gripe-e-covid-19","status":"publish","type":"post","link":"https:\/\/www.fumssar.com.br\/?p=23766","title":{"rendered":"S\u00e1bado \u00e9 dia de Mutir\u00e3o de Vacina\u00e7\u00e3o \u2013 Gripe e COVID-19"},"content":{"rendered":"\n<figure class=\"wp-block-image\"><img loading=\"lazy\" decoding=\"async\" width=\"1024\" height=\"1024\" src=\"http:\/\/www.fumssar.com.br\/wp-content\/uploads\/2023\/04\/Mutir\u00e3o-1024x1024.png\" alt=\"\" class=\"wp-image-23767\" srcset=\"https:\/\/www.fumssar.com.br\/wp-content\/uploads\/2023\/04\/Mutir\u00e3o-1024x1024.png 1024w, https:\/\/www.fumssar.com.br\/wp-content\/uploads\/2023\/04\/Mutir\u00e3o-150x150.png 150w, https:\/\/www.fumssar.com.br\/wp-content\/uploads\/2023\/04\/Mutir\u00e3o-300x300.png 300w, https:\/\/www.fumssar.com.br\/wp-content\/uploads\/2023\/04\/Mutir\u00e3o-768x768.png 768w, https:\/\/www.fumssar.com.br\/wp-content\/uploads\/2023\/04\/Mutir\u00e3o.png 1080w\" sizes=\"(max-width: 1024px) 100vw, 1024px\" \/><\/figure>\n\n\n\n<p>A\nFunda\u00e7\u00e3o Municipal de Sa\u00fade de Santa Rosa vai realizar no s\u00e1bado (15), um\nmutir\u00e3o de vacina\u00e7\u00e3o. V\u00e3o ser aplicadas as vacinas contra a Gripe (Influenza) e\ncontra a COVID-19 (Bivalente). A imuniza\u00e7\u00e3o vai acontecer em todas as Unidades B\u00e1sicas\nde Sa\u00fade, das 08h \u00e0s 17h, com exce\u00e7\u00e3o das UBS\u2019s localizadas no interior, onde o\natendimento ser\u00e1 at\u00e9 \u00e0s 14 horas. Todos que forem se vacinar, precisam levar\ndocumento com foto, CPF, cart\u00e3o SUS e a caderneta de vacina\u00e7\u00e3o. <\/p>\n\n\n\n<p>Podem\nse vacinar contra a gripe, os seguintes grupos priorit\u00e1rios:<\/p>\n\n\n\n<ul><li>Pessoas\nacima de 60 anos<\/li><li>Crian\u00e7as\na partir de 6 meses at\u00e9 menores de 6 anos<\/li><li>Gestantes<\/li><li>Pu\u00e9rperas\n(at\u00e9 45 dias ap\u00f3s o parto)<\/li><li>Imunossuprimidos<\/li><li>Profissionais\nde sa\u00fade<\/li><li>Profissionais\nde educa\u00e7\u00e3o<\/li><li>Pessoas\ncom defici\u00eancia permanente<\/li><li>Pessoas\ncom comorbidades<\/li><li>Profissionais\nde transporte coletivo rodovi\u00e1rio de passageiros urbano e de longo curso<\/li><li>Profissionais\nportu\u00e1rios<\/li><li>Profissionais\ndas for\u00e7as de seguran\u00e7a e salvamento<\/li><li>Profissionais\ndas For\u00e7as Armadas<\/li><li>Profissionais\ndo sistema prisional e popula\u00e7\u00e3o privada de liberdade, incluindo adolescentes\nem medidas socioeducativas<\/li><\/ul>\n\n\n\n<p>Est\u00e3o\naptos a tomar a vacina bivalente contra a COVID\u201319, todas as pessoas que\nintegram um dos grupos priorit\u00e1rios. A lista completa pode ser conferida no\nsite da FUMSSAR. Para receber a dose de refor\u00e7o bivalente, al\u00e9m de fazer parte\nde um dos grupos priorit\u00e1rios, \u00e9 imprescind\u00edvel que a pessoa tenha 12 anos ou\nmais, tenha se vacinado com pelo menos duas doses da vacina monovalente e tenha\ntomado a \u00faltima dose h\u00e1, pelo menos, quatro meses. <\/p>\n","protected":false},"excerpt":{"rendered":"<p>A Funda\u00e7\u00e3o Municipal de Sa\u00fade de Santa Rosa vai realizar no s\u00e1bado (15), um mutir\u00e3o&#8230;<\/p>\n","protected":false},"author":36,"featured_media":23767,"comment_status":"closed","ping_status":"closed","sticky":false,"template":"","format":"standard","meta":{"footnotes":""},"categories":[152,2],"tags":[],"_links":{"self":[{"href":"https:\/\/www.fumssar.com.br\/index.php?rest_route=\/wp\/v2\/posts\/23766"}],"collection":[{"href":"https:\/\/www.fumssar.com.br\/index.php?rest_route=\/wp\/v2\/posts"}],"about":[{"href":"https:\/\/www.fumssar.com.br\/index.php?rest_route=\/wp\/v2\/types\/post"}],"author":[{"embeddable":true,"href":"https:\/\/www.fumssar.com.br\/index.php?rest_route=\/wp\/v2\/users\/36"}],"replies":[{"embeddable":true,"href":"https:\/\/www.fumssar.com.br\/index.php?rest_route=%2Fwp%2Fv2%2Fcomments&post=23766"}],"version-history":[{"count":1,"href":"https:\/\/www.fumssar.com.br\/index.php?rest_route=\/wp\/v2\/posts\/23766\/revisions"}],"predecessor-version":[{"id":23768,"href":"https:\/\/www.fumssar.com.br\/index.php?rest_route=\/wp\/v2\/posts\/23766\/revisions\/23768"}],"wp:featuredmedia":[{"embeddable":true,"href":"https:\/\/www.fumssar.com.br\/index.php?rest_route=\/wp\/v2\/media\/23767"}],"wp:attachment":[{"href":"https:\/\/www.fumssar.com.br\/index.php?rest_route=%2Fwp%2Fv2%2Fmedia&parent=23766"}],"wp:term":[{"taxonomy":"category","embeddable":true,"href":"https:\/\/www.fumssar.com.br\/index.php?rest_route=%2Fwp%2Fv2%2Fcategories&post=23766"},{"taxonomy":"post_tag","embeddable":true,"href":"https:\/\/www.fumssar.com.br\/index.php?rest_route=%2Fwp%2Fv2%2Ftags&post=23766"}],"curies":[{"name":"wp","href":"https:\/\/api.w.org\/{rel}","templated":true}]}}