{"id":23723,"date":"2023-04-12T16:53:29","date_gmt":"2023-04-12T19:53:29","guid":{"rendered":"http:\/\/www.fumssar.com.br\/?p=23723"},"modified":"2024-10-07T16:32:46","modified_gmt":"2024-10-07T19:32:46","slug":"estudo-realizado-no-cer-ii-santa-rosa-e-tema-de-palestra-no-38-encontro-internacional-de-audiologia","status":"publish","type":"post","link":"https:\/\/www.fumssar.com.br\/?p=23723","title":{"rendered":"Estudo realizado no CER II Santa Rosa \u00e9 tema de palestra no 38\u00b0 Encontro Internacional de Audiologia"},"content":{"rendered":"\n<figure class=\"wp-block-image\"><img loading=\"lazy\" decoding=\"async\" width=\"860\" height=\"645\" src=\"https:\/\/www.fumssar.com.br\/wp-content\/uploads\/2023\/04\/Formato-Site-e-Portal-860X645-JPG-100.jpg\" alt=\"\" class=\"wp-image-23743\" srcset=\"https:\/\/www.fumssar.com.br\/wp-content\/uploads\/2023\/04\/Formato-Site-e-Portal-860X645-JPG-100.jpg 860w, https:\/\/www.fumssar.com.br\/wp-content\/uploads\/2023\/04\/Formato-Site-e-Portal-860X645-JPG-100-300x225.jpg 300w, https:\/\/www.fumssar.com.br\/wp-content\/uploads\/2023\/04\/Formato-Site-e-Portal-860X645-JPG-100-768x576.jpg 768w\" sizes=\"(max-width: 860px) 100vw, 860px\" \/><\/figure>\n\n\n\n<p>O\nCER II de Santa Rosa \u2013 Centro Especializado em Reabilita\u00e7\u00e3o Auditiva e\nIntelectual, que faz parte da FUMSSAR, foi convidado atrav\u00e9s da colaboradora, Dra.\nFonoaudi\u00f3loga, \u00c2ngela Mattiazzi, para apresentar um estudo no 38\u00b0 Encontro\nInternacional de Audiologia. O evento aconteceu em Florian\u00f3polis e reuniu pesquisadores\ne profissionais nacionais e internacionais, que atuam na \u00e1rea. Dentre as a\u00e7\u00f5es,\nforam realizadas: confer\u00eancias, cursos e apresenta\u00e7\u00f5es de estudos. O encontro\nteve como tema central, &#8220;Sa\u00fade, bem-estar e educa\u00e7\u00e3o em Audiologia&#8221;. <\/p>\n\n\n\n<p>A\nfonoaudi\u00f3loga \u00c2ngela Mattiazzi apresentou o estudo: &#8220;Limiares auditivos\neletrofisiol\u00f3gicos com os est\u00edmulos NB CE-chirp LS e NB iChirp no p\u00fablico\ninfantil&#8221;. A pesquisa foi realizada pelo CER II, em parceria com a UFSM &#8211; Universidade\nFederal de Santa Maria e evidenciou resultados muito importantes para o\ndiagn\u00f3stico audiol\u00f3gico infantil, &#8220;Ficamos muito contentes e honrados em\nreceber o convite para participar como painelista no maior evento cient\u00edfico de\nAudiologia do Brasil. Estamos constantemente estudando, nos aprimorando e\nbuscando oferecer um servi\u00e7o cada vez mais qualificado para as crian\u00e7as com\ndefici\u00eancia auditiva\u201d, destacou \u00c2ngela.<\/p>\n\n\n\n<p>O\nCentro Especializado em Reabilita\u00e7\u00e3o Auditiva e Intelectual de Santa Rosa,\natrav\u00e9s da equipe multiprofissional, tem realizado pesquisas e estudos em\ndiversas \u00e1reas, em especial, na produ\u00e7\u00e3o de evid\u00eancias cl\u00ednicas no campo da defici\u00eancia\ne inova\u00e7\u00e3o.<\/p>\n","protected":false},"excerpt":{"rendered":"<p>O CER II de Santa Rosa \u2013 Centro Especializado em Reabilita\u00e7\u00e3o Auditiva e Intelectual, que&#8230;<\/p>\n","protected":false},"author":36,"featured_media":23744,"comment_status":"closed","ping_status":"closed","sticky":false,"template":"","format":"standard","meta":{"footnotes":""},"categories":[2],"tags":[],"_links":{"self":[{"href":"https:\/\/www.fumssar.com.br\/index.php?rest_route=\/wp\/v2\/posts\/23723"}],"collection":[{"href":"https:\/\/www.fumssar.com.br\/index.php?rest_route=\/wp\/v2\/posts"}],"about":[{"href":"https:\/\/www.fumssar.com.br\/index.php?rest_route=\/wp\/v2\/types\/post"}],"author":[{"embeddable":true,"href":"https:\/\/www.fumssar.com.br\/index.php?rest_route=\/wp\/v2\/users\/36"}],"replies":[{"embeddable":true,"href":"https:\/\/www.fumssar.com.br\/index.php?rest_route=%2Fwp%2Fv2%2Fcomments&post=23723"}],"version-history":[{"count":1,"href":"https:\/\/www.fumssar.com.br\/index.php?rest_route=\/wp\/v2\/posts\/23723\/revisions"}],"predecessor-version":[{"id":23745,"href":"https:\/\/www.fumssar.com.br\/index.php?rest_route=\/wp\/v2\/posts\/23723\/revisions\/23745"}],"wp:featuredmedia":[{"embeddable":true,"href":"https:\/\/www.fumssar.com.br\/index.php?rest_route=\/wp\/v2\/media\/23744"}],"wp:attachment":[{"href":"https:\/\/www.fumssar.com.br\/index.php?rest_route=%2Fwp%2Fv2%2Fmedia&parent=23723"}],"wp:term":[{"taxonomy":"category","embeddable":true,"href":"https:\/\/www.fumssar.com.br\/index.php?rest_route=%2Fwp%2Fv2%2Fcategories&post=23723"},{"taxonomy":"post_tag","embeddable":true,"href":"https:\/\/www.fumssar.com.br\/index.php?rest_route=%2Fwp%2Fv2%2Ftags&post=23723"}],"curies":[{"name":"wp","href":"https:\/\/api.w.org\/{rel}","templated":true}]}}