{"id":23708,"date":"2023-04-10T15:27:51","date_gmt":"2023-04-10T18:27:51","guid":{"rendered":"http:\/\/www.fumssar.com.br\/?p=23708"},"modified":"2024-10-07T16:32:46","modified_gmt":"2024-10-07T19:32:46","slug":"vacinacao-contra-a-gripe-iniciou-nesta-segunda-feira","status":"publish","type":"post","link":"https:\/\/www.fumssar.com.br\/?p=23708","title":{"rendered":"Vacina\u00e7\u00e3o contra a gripe iniciou nesta segunda-feira"},"content":{"rendered":"\n<figure class=\"wp-block-image\"><img loading=\"lazy\" decoding=\"async\" width=\"1024\" height=\"1024\" src=\"http:\/\/www.fumssar.com.br\/wp-content\/uploads\/2023\/04\/Gripe-1024x1024.png\" alt=\"\" class=\"wp-image-23709\" srcset=\"https:\/\/www.fumssar.com.br\/wp-content\/uploads\/2023\/04\/Gripe-1024x1024.png 1024w, https:\/\/www.fumssar.com.br\/wp-content\/uploads\/2023\/04\/Gripe-150x150.png 150w, https:\/\/www.fumssar.com.br\/wp-content\/uploads\/2023\/04\/Gripe-300x300.png 300w, https:\/\/www.fumssar.com.br\/wp-content\/uploads\/2023\/04\/Gripe-768x768.png 768w, https:\/\/www.fumssar.com.br\/wp-content\/uploads\/2023\/04\/Gripe.png 1080w\" sizes=\"(max-width: 1024px) 100vw, 1024px\" \/><\/figure>\n\n\n\n<p>A\nFUMSSAR \u2013 Funda\u00e7\u00e3o Municipal de Sa\u00fade de Santa Rosa informa a popula\u00e7\u00e3o, que\niniciou nesta segunda-feira (10), a Campanha Nacional de Vacina\u00e7\u00e3o contra a Gripe,\npromovida todos os anos pelo Minist\u00e9rio da Sa\u00fade. A imuniza\u00e7\u00e3o contra o v\u00edrus\ninfluenza (Gripe), vai estar dispon\u00edvel em todas as Unidades B\u00e1sicas de Sa\u00fade,\nde segunda a sexta-feira, das 13h30min \u00e0s 17h.<\/p>\n\n\n\n<p>Podem\nse vacinar, os seguintes grupos priorit\u00e1rios:<\/p>\n\n\n\n<p>&#8211; Pessoas acima de\n60 anos<\/p>\n\n\n\n<p>&#8211; Crian\u00e7as a\npartir de 6 meses at\u00e9 6 anos de idade<\/p>\n\n\n\n<p>&#8211; Gestantes<\/p>\n\n\n\n<p>&#8211; Pu\u00e9rperas (at\u00e9\n45 dias ap\u00f3s o parto)<\/p>\n\n\n\n<p>&#8211; Imunossuprimidos<\/p>\n\n\n\n<p>&#8211; Profissionais de\nsa\u00fade<\/p>\n\n\n\n<p>&#8211; Profissionais de\neduca\u00e7\u00e3o<\/p>\n\n\n\n<p>&#8211; Pessoas com\ndefici\u00eancia permanente<\/p>\n\n\n\n<p>&#8211; Pessoas com\ncomorbidades<\/p>\n\n\n\n<p>&#8211; Profissionais de\ntransporte coletivo rodovi\u00e1rio de passageiros urbano e de longo curso<\/p>\n\n\n\n<p>&#8211; Profissionais\nportu\u00e1rios<\/p>\n\n\n\n<p>&#8211; Profissionais\ndas for\u00e7as de seguran\u00e7a e salvamento<\/p>\n\n\n\n<p>&#8211; Profissionais das\nFor\u00e7as Armadas<\/p>\n\n\n\n<p>&#8211; Profissionais do\nsistema prisional e popula\u00e7\u00e3o privada de liberdade, incluindo adolescentes em\nmedidas socioeducativas<\/p>\n\n\n\n<p>No\npr\u00f3ximo s\u00e1bado (15), a equipe de profissionais da FUMSSAR, tamb\u00e9m ir\u00e1 realizar\num mutir\u00e3o de vacina\u00e7\u00e3o contra a Gripe e a COVID-19 (Bivalente). As vacinas v\u00e3o\nser aplicadas em todas as unidades de sa\u00fade, das 8h \u00e0s 17h, com\nexce\u00e7\u00e3o das UBS\u2019s localizadas no interior, onde o atendimento ser\u00e1 at\u00e9 \u00e0s 14\nhoras.<\/p>\n","protected":false},"excerpt":{"rendered":"<p>A FUMSSAR \u2013 Funda\u00e7\u00e3o Municipal de Sa\u00fade de Santa Rosa informa a popula\u00e7\u00e3o, que iniciou&#8230;<\/p>\n","protected":false},"author":36,"featured_media":23709,"comment_status":"closed","ping_status":"closed","sticky":false,"template":"","format":"standard","meta":{"footnotes":""},"categories":[2],"tags":[],"_links":{"self":[{"href":"https:\/\/www.fumssar.com.br\/index.php?rest_route=\/wp\/v2\/posts\/23708"}],"collection":[{"href":"https:\/\/www.fumssar.com.br\/index.php?rest_route=\/wp\/v2\/posts"}],"about":[{"href":"https:\/\/www.fumssar.com.br\/index.php?rest_route=\/wp\/v2\/types\/post"}],"author":[{"embeddable":true,"href":"https:\/\/www.fumssar.com.br\/index.php?rest_route=\/wp\/v2\/users\/36"}],"replies":[{"embeddable":true,"href":"https:\/\/www.fumssar.com.br\/index.php?rest_route=%2Fwp%2Fv2%2Fcomments&post=23708"}],"version-history":[{"count":1,"href":"https:\/\/www.fumssar.com.br\/index.php?rest_route=\/wp\/v2\/posts\/23708\/revisions"}],"predecessor-version":[{"id":23710,"href":"https:\/\/www.fumssar.com.br\/index.php?rest_route=\/wp\/v2\/posts\/23708\/revisions\/23710"}],"wp:featuredmedia":[{"embeddable":true,"href":"https:\/\/www.fumssar.com.br\/index.php?rest_route=\/wp\/v2\/media\/23709"}],"wp:attachment":[{"href":"https:\/\/www.fumssar.com.br\/index.php?rest_route=%2Fwp%2Fv2%2Fmedia&parent=23708"}],"wp:term":[{"taxonomy":"category","embeddable":true,"href":"https:\/\/www.fumssar.com.br\/index.php?rest_route=%2Fwp%2Fv2%2Fcategories&post=23708"},{"taxonomy":"post_tag","embeddable":true,"href":"https:\/\/www.fumssar.com.br\/index.php?rest_route=%2Fwp%2Fv2%2Ftags&post=23708"}],"curies":[{"name":"wp","href":"https:\/\/api.w.org\/{rel}","templated":true}]}}