{"id":23691,"date":"2023-04-05T17:21:58","date_gmt":"2023-04-05T20:21:58","guid":{"rendered":"http:\/\/www.fumssar.com.br\/?p=23691"},"modified":"2024-10-07T16:32:46","modified_gmt":"2024-10-07T19:32:46","slug":"iii-seminario-estadual-do-transtorno-do-espectro-autista-e-realizado-em-santa-rosa","status":"publish","type":"post","link":"https:\/\/www.fumssar.com.br\/?p=23691","title":{"rendered":"III Semin\u00e1rio Estadual do Transtorno do Espectro Autista \u00e9 realizado em Santa Rosa"},"content":{"rendered":"\n<figure class=\"wp-block-image\"><img loading=\"lazy\" decoding=\"async\" width=\"860\" height=\"645\" src=\"https:\/\/www.fumssar.com.br\/wp-content\/uploads\/2023\/04\/autismo.jpg\" alt=\"\" class=\"wp-image-23692\" srcset=\"https:\/\/www.fumssar.com.br\/wp-content\/uploads\/2023\/04\/autismo.jpg 860w, https:\/\/www.fumssar.com.br\/wp-content\/uploads\/2023\/04\/autismo-300x225.jpg 300w, https:\/\/www.fumssar.com.br\/wp-content\/uploads\/2023\/04\/autismo-768x576.jpg 768w\" sizes=\"(max-width: 860px) 100vw, 860px\" \/><\/figure>\n\n\n\n<p><strong>em\nSanta Rosa<\/strong><\/p>\n\n\n\n<p>Nesta\nter\u00e7a-feira (04), foi realizado o 3\u00ba Semin\u00e1rio Estadual do Transtorno do\nEspectro Autista em Santa Rosa. O evento ocorreu no audit\u00f3rio da Uniju\u00ed e foi\norganizado pela FUMSSAR, atrav\u00e9s do Centro Macrorregional de Refer\u00eancia em\nTranstorno do Espectro Autista. A atividade aconteceu de forma h\u00edbrida,\npresencial e online e foi transmitido pelo canal da MacroTEA, na plataforma\nYoutube. Foram mais de 1.130 inscri\u00e7\u00f5es e o conte\u00fado j\u00e1 teve at\u00e9 o momento,\nquase 1.600 visualiza\u00e7\u00f5es, com a representa\u00e7\u00e3o de 08 estados e 74 munic\u00edpios de\ntodo o Brasil. Al\u00e9m disso, o semin\u00e1rio foi acompanhado por 360 pessoas presencialmente,\nlota\u00e7\u00e3o m\u00e1xima do audit\u00f3rio da Uniju\u00ed \u2013 Campus Santa Rosa.<\/p>\n\n\n\n<p>O\nevento contou com a participa\u00e7\u00e3o de importantes autoridades. Participaram de\nforma online, o Deputado Estadual, Eduardo Loureiro, propositor da Lei\n15.322\/2019 que oportunizou um programa de atendimento integrado aos autistas\ndo Rio Grande do Sul, a Secret\u00e1ria Adjunta de Sa\u00fado do RS, Ana Costa e o\nPrefeito de Santa Rosa, Anderson Mantei, que destacou a import\u00e2ncia do\nsemin\u00e1rio, \u201c\u00c9 uma alegria estar aqui pelo terceiro ano consecutivo, realizando\na abertura deste evento que trata de um tema t\u00e3o especial que \u00e9 o autismo. Uma grande\noportunidade para as pessoas aprenderem com a experi\u00eancia de Santa Rosa, que\nvem trabalhando com uma equipe qualificada e que j\u00e1 \u00e9 refer\u00eancia no Estado. Sempre\nesteve em nossas metas de governo, o atendimento integrado ao autista. Temos um\nlongo caminho pela frente, mas tenho a certeza de que estamos no caminho certo,\nsempre pensando em o oferecer o melhor para a popula\u00e7\u00e3o\u201d.<\/p>\n\n\n\n<p>Durante a programa\u00e7\u00e3o, foram tratados diversos temas com refer\u00eancia ao autismo. O neuropediatra Dr. Rudimar Riesgo, falou sobre: \u201cAutismo: o que acontece na vida real &#8211; Abordagem neuropedi\u00e1trica\u201d. Al\u00e9m disso, tamb\u00e9m foram temas abordados: &#8220;Avalia\u00e7\u00e3o e protocolo no TEA&#8221;, com a psic\u00f3loga Dra. Mariliane Monteiro; &#8220;PTS no TEA&#8221;, com a psic\u00f3loga Beatriz Pletsch; &#8220;Interven\u00e7\u00f5es Terap\u00eauticas no TEA&#8221;, com a psic\u00f3loga M\u00e1rcia Baiocchi Amaral e \u201cO processo de inclus\u00e3o e o TEA&#8221;, com a educadora especial, Dra. Vaneza Cauduro Peranzoni. O Centro Macrorregional em TEA Santa Rosa oferece retaguarda assistencial e suporte t\u00e9cnico-pedag\u00f3gico para as equipes de 79 munic\u00edpios da macrorregi\u00e3o de sa\u00fade missioneira, por meio de matriciamento, nas \u00e1reas de sa\u00fade, educa\u00e7\u00e3o e assist\u00eancia social.<\/p>\n\n\n\n<ul class=\"wp-block-gallery columns-3 is-cropped wp-block-gallery-1 is-layout-flex wp-block-gallery-is-layout-flex\"><li class=\"blocks-gallery-item\"><figure><img loading=\"lazy\" decoding=\"async\" width=\"1024\" height=\"768\" src=\"https:\/\/www.fumssar.com.br\/wp-content\/uploads\/2023\/04\/20230404_082233-1024x768.jpg\" alt=\"\" data-id=\"23693\" data-link=\"https:\/\/www.fumssar.com.br\/?attachment_id=23693\" class=\"wp-image-23693\" srcset=\"https:\/\/www.fumssar.com.br\/wp-content\/uploads\/2023\/04\/20230404_082233-1024x768.jpg 1024w, https:\/\/www.fumssar.com.br\/wp-content\/uploads\/2023\/04\/20230404_082233-300x225.jpg 300w, https:\/\/www.fumssar.com.br\/wp-content\/uploads\/2023\/04\/20230404_082233-768x576.jpg 768w\" sizes=\"(max-width: 1024px) 100vw, 1024px\" \/><\/figure><\/li><li class=\"blocks-gallery-item\"><figure><img loading=\"lazy\" decoding=\"async\" width=\"1024\" height=\"768\" src=\"https:\/\/www.fumssar.com.br\/wp-content\/uploads\/2023\/04\/20230404_092411-1024x768.jpg\" alt=\"\" data-id=\"23694\" data-link=\"https:\/\/www.fumssar.com.br\/?attachment_id=23694\" class=\"wp-image-23694\" srcset=\"https:\/\/www.fumssar.com.br\/wp-content\/uploads\/2023\/04\/20230404_092411-1024x768.jpg 1024w, https:\/\/www.fumssar.com.br\/wp-content\/uploads\/2023\/04\/20230404_092411-300x225.jpg 300w, https:\/\/www.fumssar.com.br\/wp-content\/uploads\/2023\/04\/20230404_092411-768x576.jpg 768w\" sizes=\"(max-width: 1024px) 100vw, 1024px\" \/><\/figure><\/li><li class=\"blocks-gallery-item\"><figure><img loading=\"lazy\" decoding=\"async\" width=\"1024\" height=\"768\" src=\"https:\/\/www.fumssar.com.br\/wp-content\/uploads\/2023\/04\/20230404_092512-1024x768.jpg\" alt=\"\" data-id=\"23695\" data-link=\"https:\/\/www.fumssar.com.br\/?attachment_id=23695\" class=\"wp-image-23695\" srcset=\"https:\/\/www.fumssar.com.br\/wp-content\/uploads\/2023\/04\/20230404_092512-1024x768.jpg 1024w, https:\/\/www.fumssar.com.br\/wp-content\/uploads\/2023\/04\/20230404_092512-300x225.jpg 300w, https:\/\/www.fumssar.com.br\/wp-content\/uploads\/2023\/04\/20230404_092512-768x576.jpg 768w\" sizes=\"(max-width: 1024px) 100vw, 1024px\" \/><\/figure><\/li><\/ul>\n","protected":false},"excerpt":{"rendered":"<p>em Santa Rosa Nesta ter\u00e7a-feira (04), foi realizado o 3\u00ba Semin\u00e1rio Estadual do Transtorno do&#8230;<\/p>\n","protected":false},"author":36,"featured_media":23696,"comment_status":"closed","ping_status":"closed","sticky":false,"template":"","format":"standard","meta":{"footnotes":""},"categories":[2],"tags":[],"_links":{"self":[{"href":"https:\/\/www.fumssar.com.br\/index.php?rest_route=\/wp\/v2\/posts\/23691"}],"collection":[{"href":"https:\/\/www.fumssar.com.br\/index.php?rest_route=\/wp\/v2\/posts"}],"about":[{"href":"https:\/\/www.fumssar.com.br\/index.php?rest_route=\/wp\/v2\/types\/post"}],"author":[{"embeddable":true,"href":"https:\/\/www.fumssar.com.br\/index.php?rest_route=\/wp\/v2\/users\/36"}],"replies":[{"embeddable":true,"href":"https:\/\/www.fumssar.com.br\/index.php?rest_route=%2Fwp%2Fv2%2Fcomments&post=23691"}],"version-history":[{"count":1,"href":"https:\/\/www.fumssar.com.br\/index.php?rest_route=\/wp\/v2\/posts\/23691\/revisions"}],"predecessor-version":[{"id":23697,"href":"https:\/\/www.fumssar.com.br\/index.php?rest_route=\/wp\/v2\/posts\/23691\/revisions\/23697"}],"wp:featuredmedia":[{"embeddable":true,"href":"https:\/\/www.fumssar.com.br\/index.php?rest_route=\/wp\/v2\/media\/23696"}],"wp:attachment":[{"href":"https:\/\/www.fumssar.com.br\/index.php?rest_route=%2Fwp%2Fv2%2Fmedia&parent=23691"}],"wp:term":[{"taxonomy":"category","embeddable":true,"href":"https:\/\/www.fumssar.com.br\/index.php?rest_route=%2Fwp%2Fv2%2Fcategories&post=23691"},{"taxonomy":"post_tag","embeddable":true,"href":"https:\/\/www.fumssar.com.br\/index.php?rest_route=%2Fwp%2Fv2%2Ftags&post=23691"}],"curies":[{"name":"wp","href":"https:\/\/api.w.org\/{rel}","templated":true}]}}