{"id":23674,"date":"2023-04-03T10:56:57","date_gmt":"2023-04-03T13:56:57","guid":{"rendered":"http:\/\/www.fumssar.com.br\/?p=23674"},"modified":"2024-10-07T16:32:46","modified_gmt":"2024-10-07T19:32:46","slug":"vacina-bivalente-contra-a-covid-19-esta-liberada-para-todos-os-grupos-prioritarios-e-para-pessoas-com-comorbidades","status":"publish","type":"post","link":"https:\/\/www.fumssar.com.br\/?p=23674","title":{"rendered":"Vacina bivalente contra a COVID-19 est\u00e1 liberada para todos os grupos priorit\u00e1rios e para pessoas com comorbidades"},"content":{"rendered":"\n<figure class=\"wp-block-image\"><img loading=\"lazy\" decoding=\"async\" width=\"860\" height=\"645\" src=\"http:\/\/www.fumssar.com.br\/wp-content\/uploads\/2023\/04\/Formato-Site-e-Portal-860X645-JPG-87.jpg\" alt=\"\" class=\"wp-image-23675\" srcset=\"https:\/\/www.fumssar.com.br\/wp-content\/uploads\/2023\/04\/Formato-Site-e-Portal-860X645-JPG-87.jpg 860w, https:\/\/www.fumssar.com.br\/wp-content\/uploads\/2023\/04\/Formato-Site-e-Portal-860X645-JPG-87-300x225.jpg 300w, https:\/\/www.fumssar.com.br\/wp-content\/uploads\/2023\/04\/Formato-Site-e-Portal-860X645-JPG-87-768x576.jpg 768w\" sizes=\"(max-width: 860px) 100vw, 860px\" \/><\/figure>\n\n\n\n<p>A Funda\u00e7\u00e3o de Sa\u00fade de Santa Rosa informa a popula\u00e7\u00e3o que a vacina bivalente contra a COVID-19, est\u00e1 liberada para toda a popula\u00e7\u00e3o, acima dos 12 anos, que fazem parte dos grupos priorit\u00e1rios elencados para a vacina\u00e7\u00e3o e para as pessoas que possuem comorbidades. A decis\u00e3o segue a recomenda\u00e7\u00e3o do Minist\u00e9rio da Sa\u00fade (MS), que descartou a necessidade de aguardar a finaliza\u00e7\u00e3o de uma fase para dar in\u00edcio a outra. A aplica\u00e7\u00e3o est\u00e1 sendo realizada nas segundas-feiras, das 13h30min \u00e0s 17h, em todas as Unidades B\u00e1sicas de Sa\u00fade.<\/p>\n\n\n\n<p>Est\u00e3o aptos a tomar a vacina Pfizer bivalente contra a COVID\u201319, todas as pessoas que integram um dos grupos priorit\u00e1rios:<\/p>\n\n\n\n<p>\u2013 abrigados e trabalhadores de institui\u00e7\u00f5es de longa perman\u00eancia (ILPI)<\/p>\n\n\n\n<p>\u2013 idosos com 60 anos ou mais<\/p>\n\n\n\n<p>\u2013 pacientes imunocomprometidos<\/p>\n\n\n\n<p>\u2013 popula\u00e7\u00e3o das comunidades ind\u00edgenas e quilombolas<\/p>\n\n\n\n<p>\u2013 gestantes e pu\u00e9rperas (m\u00e3es at\u00e9 45 dias ap\u00f3s o parto)<\/p>\n\n\n\n<p>\u2013 trabalhadores da sa\u00fade<\/p>\n\n\n\n<p>\u2013 pessoas com defici\u00eancia permanente<\/p>\n\n\n\n<p>\u2013 popula\u00e7\u00e3o privada de liberdade, adolescentes cumprindo medida socioeducativa e funcion\u00e1rios do sistema de priva\u00e7\u00e3o de liberdade<\/p>\n\n\n\n<p>A lista das comorbidades elencadas para a vacina\u00e7\u00e3o, pode ser conferida abaixo. Para receber a dose de refor\u00e7o com a vacina bivalente, al\u00e9m de fazer parte de um dos grupos priorit\u00e1rios, \u00e9 imprescind\u00edvel que a pessoa tenha 12 anos ou mais, tenha se vacinado com pelo menos duas doses de vacina monovalente (Pfizer, Coronavac, AstraZeneca, Janssen) e tenha tomado a \u00faltima dose h\u00e1, pelo menos, quatro meses.<\/p>\n\n\n\n<p><\/p>\n\n\n\n<ul class=\"wp-block-gallery columns-2 is-cropped wp-block-gallery-1 is-layout-flex wp-block-gallery-is-layout-flex\"><li class=\"blocks-gallery-item\"><figure><img loading=\"lazy\" decoding=\"async\" width=\"1024\" height=\"1024\" src=\"http:\/\/www.fumssar.com.br\/wp-content\/uploads\/2023\/04\/Comorbidades-01-1024x1024.png\" alt=\"\" data-id=\"23677\" data-link=\"http:\/\/www.fumssar.com.br\/?attachment_id=23677\" class=\"wp-image-23677\" srcset=\"https:\/\/www.fumssar.com.br\/wp-content\/uploads\/2023\/04\/Comorbidades-01-1024x1024.png 1024w, https:\/\/www.fumssar.com.br\/wp-content\/uploads\/2023\/04\/Comorbidades-01-150x150.png 150w, https:\/\/www.fumssar.com.br\/wp-content\/uploads\/2023\/04\/Comorbidades-01-300x300.png 300w, https:\/\/www.fumssar.com.br\/wp-content\/uploads\/2023\/04\/Comorbidades-01-768x768.png 768w, https:\/\/www.fumssar.com.br\/wp-content\/uploads\/2023\/04\/Comorbidades-01.png 1080w\" sizes=\"(max-width: 1024px) 100vw, 1024px\" \/><\/figure><\/li><li class=\"blocks-gallery-item\"><figure><img loading=\"lazy\" decoding=\"async\" width=\"1024\" height=\"1024\" src=\"http:\/\/www.fumssar.com.br\/wp-content\/uploads\/2023\/04\/Comorbidades-02-1-1024x1024.png\" alt=\"\" data-id=\"23678\" data-link=\"http:\/\/www.fumssar.com.br\/?attachment_id=23678\" class=\"wp-image-23678\" srcset=\"https:\/\/www.fumssar.com.br\/wp-content\/uploads\/2023\/04\/Comorbidades-02-1-1024x1024.png 1024w, https:\/\/www.fumssar.com.br\/wp-content\/uploads\/2023\/04\/Comorbidades-02-1-150x150.png 150w, https:\/\/www.fumssar.com.br\/wp-content\/uploads\/2023\/04\/Comorbidades-02-1-300x300.png 300w, https:\/\/www.fumssar.com.br\/wp-content\/uploads\/2023\/04\/Comorbidades-02-1-768x768.png 768w, https:\/\/www.fumssar.com.br\/wp-content\/uploads\/2023\/04\/Comorbidades-02-1.png 1080w\" sizes=\"(max-width: 1024px) 100vw, 1024px\" \/><\/figure><\/li><\/ul>\n","protected":false},"excerpt":{"rendered":"<p>A Funda\u00e7\u00e3o de Sa\u00fade de Santa Rosa informa a popula\u00e7\u00e3o que a vacina bivalente contra&#8230;<\/p>\n","protected":false},"author":36,"featured_media":23679,"comment_status":"closed","ping_status":"closed","sticky":false,"template":"","format":"standard","meta":{"footnotes":""},"categories":[152,2],"tags":[],"_links":{"self":[{"href":"https:\/\/www.fumssar.com.br\/index.php?rest_route=\/wp\/v2\/posts\/23674"}],"collection":[{"href":"https:\/\/www.fumssar.com.br\/index.php?rest_route=\/wp\/v2\/posts"}],"about":[{"href":"https:\/\/www.fumssar.com.br\/index.php?rest_route=\/wp\/v2\/types\/post"}],"author":[{"embeddable":true,"href":"https:\/\/www.fumssar.com.br\/index.php?rest_route=\/wp\/v2\/users\/36"}],"replies":[{"embeddable":true,"href":"https:\/\/www.fumssar.com.br\/index.php?rest_route=%2Fwp%2Fv2%2Fcomments&post=23674"}],"version-history":[{"count":1,"href":"https:\/\/www.fumssar.com.br\/index.php?rest_route=\/wp\/v2\/posts\/23674\/revisions"}],"predecessor-version":[{"id":23680,"href":"https:\/\/www.fumssar.com.br\/index.php?rest_route=\/wp\/v2\/posts\/23674\/revisions\/23680"}],"wp:featuredmedia":[{"embeddable":true,"href":"https:\/\/www.fumssar.com.br\/index.php?rest_route=\/wp\/v2\/media\/23679"}],"wp:attachment":[{"href":"https:\/\/www.fumssar.com.br\/index.php?rest_route=%2Fwp%2Fv2%2Fmedia&parent=23674"}],"wp:term":[{"taxonomy":"category","embeddable":true,"href":"https:\/\/www.fumssar.com.br\/index.php?rest_route=%2Fwp%2Fv2%2Fcategories&post=23674"},{"taxonomy":"post_tag","embeddable":true,"href":"https:\/\/www.fumssar.com.br\/index.php?rest_route=%2Fwp%2Fv2%2Ftags&post=23674"}],"curies":[{"name":"wp","href":"https:\/\/api.w.org\/{rel}","templated":true}]}}