{"id":23664,"date":"2023-03-31T16:42:05","date_gmt":"2023-03-31T19:42:05","guid":{"rendered":"http:\/\/www.fumssar.com.br\/?p=23664"},"modified":"2024-10-07T16:32:46","modified_gmt":"2024-10-07T19:32:46","slug":"cer-ii-realiza-exposicao-de-fotos-lugar-de-autista-e-em-todo-o-lugar","status":"publish","type":"post","link":"https:\/\/www.fumssar.com.br\/?p=23664","title":{"rendered":"CER II realiza Exposi\u00e7\u00e3o de Fotos: \u201cLugar de Autista \u00e9 em todo o lugar\u201d"},"content":{"rendered":"\n<figure class=\"wp-block-image\"><img loading=\"lazy\" decoding=\"async\" width=\"860\" height=\"645\" src=\"https:\/\/www.fumssar.com.br\/wp-content\/uploads\/2023\/03\/Formato-Site-e-Portal-860X645-JPG-84.jpg\" alt=\"\" class=\"wp-image-23665\" srcset=\"https:\/\/www.fumssar.com.br\/wp-content\/uploads\/2023\/03\/Formato-Site-e-Portal-860X645-JPG-84.jpg 860w, https:\/\/www.fumssar.com.br\/wp-content\/uploads\/2023\/03\/Formato-Site-e-Portal-860X645-JPG-84-300x225.jpg 300w, https:\/\/www.fumssar.com.br\/wp-content\/uploads\/2023\/03\/Formato-Site-e-Portal-860X645-JPG-84-768x576.jpg 768w\" sizes=\"(max-width: 860px) 100vw, 860px\" \/><\/figure>\n\n\n\n<p>A\nequipe multiprofissional que atua no CER II \u2013 Centro Especializado em\nReabilita\u00e7\u00e3o Auditiva e Intelectual da FUMSSAR, realizou na noite desta quinta-feira\n(30), a abertura oficial da Exposi\u00e7\u00e3o de Fotos: \u201cLugar de Autista \u00e9 em todo o\nlugar\u201d. A a\u00e7\u00e3o aconteceu no Centro Cultural Prof. Fioravante Pedrazani. O\nobjetivo do evento foi retratar as rotinas de crian\u00e7as com Transtorno do\nEspectro Autista &#8211; TEA, demonstrando que as mesmas est\u00e3o e podem ser inseridas,\nem todos os lugares da sociedade.<\/p>\n\n\n\n<p>O\nprojeto surgiu em homenagem ao Dia Mundial de Conscientiza\u00e7\u00e3o do Autismo,\ncomemorado no dia 02 de abril e ao m\u00eas Abril Azul. A Coordenadora do CER II,\nMichelli Pess, destacou que a exposi\u00e7\u00e3o surgiu com a ideia de comemorar estas\ndatas t\u00e3o representativas, com os autistas, amigos e familiares, al\u00e9m de\nmostrar para a popula\u00e7\u00e3o, a import\u00e2ncia de abordar este tema, \u201cN\u00f3s equipe\nt\u00e9cnica, sabemos o quanto \u00e9 estigmatizado este diagn\u00f3stico de TEA, e nenhuma\nnorma ser\u00e1 suficiente se n\u00e3o conseguirmos mudar a concep\u00e7\u00e3o que muitos fazem do\nautismo. Um dos mitos recorrentes \u00e9 que a pessoa autista vive em seu mundo\npr\u00f3prio, sem condi\u00e7\u00f5es de interagir com o pr\u00f3ximo e distante da realidade que o\ncerca. Outro \u00e9 que o autista n\u00e3o sabe comunicar seus sentimentos e que \u00e9\nincapaz de manifestar afeto. Por isso, estamos aqui, neste dia especial,\ncientes que \u201cLugar de autista \u00e9 em todo o lugar\u201d.<\/p>\n\n\n\n<p>Participaram\ndo projeto, 30 crian\u00e7as com diagn\u00f3stico de TEA e suas fam\u00edlias. A exposi\u00e7\u00e3o ser\u00e1\nitinerante. As fotos v\u00e3o estar dispon\u00edveis para visita\u00e7\u00e3o, nos dias: 31\/03,\n01\/04 e 03\/04 no Centro Cultural Prof. Fioravante Pedrazani. No dia 02 de\nabril, domingo, o material ser\u00e1 exposto no evento alusivo ao Dia de\nConscientiza\u00e7\u00e3o do Autismo, promovido pela Associa\u00e7\u00e3o de Pais de Autistas de\nSanta Rosa, no Parque de Exposi\u00e7\u00e3o e o encerramento da mostra vai acontecer junto\nao III F\u00f3rum Estadual, promovido pelo Centro Macrorregional \u2013 TEAcolhe, no dia\n04 de abril, no Audit\u00f3rio da Uniju\u00ed &#8211; Campus Santa Rosa.<\/p>\n","protected":false},"excerpt":{"rendered":"<p>A equipe multiprofissional que atua no CER II \u2013 Centro Especializado em Reabilita\u00e7\u00e3o Auditiva e&#8230;<\/p>\n","protected":false},"author":36,"featured_media":23666,"comment_status":"closed","ping_status":"closed","sticky":false,"template":"","format":"standard","meta":{"footnotes":""},"categories":[2],"tags":[],"_links":{"self":[{"href":"https:\/\/www.fumssar.com.br\/index.php?rest_route=\/wp\/v2\/posts\/23664"}],"collection":[{"href":"https:\/\/www.fumssar.com.br\/index.php?rest_route=\/wp\/v2\/posts"}],"about":[{"href":"https:\/\/www.fumssar.com.br\/index.php?rest_route=\/wp\/v2\/types\/post"}],"author":[{"embeddable":true,"href":"https:\/\/www.fumssar.com.br\/index.php?rest_route=\/wp\/v2\/users\/36"}],"replies":[{"embeddable":true,"href":"https:\/\/www.fumssar.com.br\/index.php?rest_route=%2Fwp%2Fv2%2Fcomments&post=23664"}],"version-history":[{"count":1,"href":"https:\/\/www.fumssar.com.br\/index.php?rest_route=\/wp\/v2\/posts\/23664\/revisions"}],"predecessor-version":[{"id":23667,"href":"https:\/\/www.fumssar.com.br\/index.php?rest_route=\/wp\/v2\/posts\/23664\/revisions\/23667"}],"wp:featuredmedia":[{"embeddable":true,"href":"https:\/\/www.fumssar.com.br\/index.php?rest_route=\/wp\/v2\/media\/23666"}],"wp:attachment":[{"href":"https:\/\/www.fumssar.com.br\/index.php?rest_route=%2Fwp%2Fv2%2Fmedia&parent=23664"}],"wp:term":[{"taxonomy":"category","embeddable":true,"href":"https:\/\/www.fumssar.com.br\/index.php?rest_route=%2Fwp%2Fv2%2Fcategories&post=23664"},{"taxonomy":"post_tag","embeddable":true,"href":"https:\/\/www.fumssar.com.br\/index.php?rest_route=%2Fwp%2Fv2%2Ftags&post=23664"}],"curies":[{"name":"wp","href":"https:\/\/api.w.org\/{rel}","templated":true}]}}