{"id":23654,"date":"2023-03-30T17:02:59","date_gmt":"2023-03-30T20:02:59","guid":{"rendered":"http:\/\/www.fumssar.com.br\/?p=23654"},"modified":"2024-10-07T16:32:46","modified_gmt":"2024-10-07T19:32:46","slug":"ubs-julio-de-oliveira-realiza-acao-na-emef-pedro-speroni","status":"publish","type":"post","link":"https:\/\/www.fumssar.com.br\/?p=23654","title":{"rendered":"UBS J\u00falio de Oliveira realiza a\u00e7\u00e3o na EMEF Pedro Speroni"},"content":{"rendered":"\n<figure class=\"wp-block-image\"><img loading=\"lazy\" decoding=\"async\" width=\"1024\" height=\"768\" src=\"https:\/\/www.fumssar.com.br\/wp-content\/uploads\/2023\/03\/WhatsApp-Image-2023-03-30-at-16.23.29-1024x768.jpeg\" alt=\"\" class=\"wp-image-23655\" srcset=\"https:\/\/www.fumssar.com.br\/wp-content\/uploads\/2023\/03\/WhatsApp-Image-2023-03-30-at-16.23.29-1024x768.jpeg 1024w, https:\/\/www.fumssar.com.br\/wp-content\/uploads\/2023\/03\/WhatsApp-Image-2023-03-30-at-16.23.29-300x225.jpeg 300w, https:\/\/www.fumssar.com.br\/wp-content\/uploads\/2023\/03\/WhatsApp-Image-2023-03-30-at-16.23.29-768x576.jpeg 768w, https:\/\/www.fumssar.com.br\/wp-content\/uploads\/2023\/03\/WhatsApp-Image-2023-03-30-at-16.23.29.jpeg 1600w\" sizes=\"(max-width: 1024px) 100vw, 1024px\" \/><\/figure>\n\n\n\n<p>Profissionais\nde sa\u00fade que atuam na UBS J\u00falio de Oliveira, da FUMSSAR, desenvolveram na manh\u00e3\ndesta quinta-feira (30), uma a\u00e7\u00e3o educativa com alunos do 6\u00b0ao 9\u00b0 ano, da EMEF\nPedro Speroni. A atividade realizada com os adolescentes em idade escolar, tratou\nsobre sa\u00fade sexual, com foco na preven\u00e7\u00e3o de gravidez e das IST\u2019s -Infec\u00e7\u00f5es\nSexualmente Transmiss\u00edveis. A tem\u00e1tica escolhida foi abordada com o objetivo de\norientar os estudantes sobre m\u00e9todos contraceptivos e a preven\u00e7\u00e3o de doen\u00e7as.<\/p>\n\n\n\n<p>A\na\u00e7\u00e3o aconteceu em uma parceria entre a Unidade B\u00e1sica de Sa\u00fade e a escola. O enfermeiro\nresidente, Fernando Dal-Lago, destacou a import\u00e2ncia de abordar o tema com este\ngrupo, &#8220;Ficamos satisfeitos com o retorno dos alunos, do quanto \u00e9\nimportante sanar as d\u00favidas sobre sa\u00fade sexual e preven\u00e7\u00e3o de doen\u00e7as. Foi um\nmomento importante, pois sabemos que por muitas vezes, os jovens se sentem mais\n\u00e0 vontade em discutir sobre este tema com os profissionais da sa\u00fade, do que com\nseus respons\u00e1veis&#8221;.<\/p>\n\n\n\n<p>As\na\u00e7\u00f5es educativas fazem parte do Programa de Sa\u00fade da Fam\u00edlia e v\u00e3o acontecer\ndurante todo o ano, com v\u00e1rios temas relacionados \u00e0 promo\u00e7\u00e3o de sa\u00fade e\nqualidade de vida.<\/p>\n","protected":false},"excerpt":{"rendered":"<p>Profissionais de sa\u00fade que atuam na UBS J\u00falio de Oliveira, da FUMSSAR, desenvolveram na manh\u00e3&#8230;<\/p>\n","protected":false},"author":36,"featured_media":23655,"comment_status":"closed","ping_status":"closed","sticky":false,"template":"","format":"standard","meta":{"footnotes":""},"categories":[2],"tags":[],"_links":{"self":[{"href":"https:\/\/www.fumssar.com.br\/index.php?rest_route=\/wp\/v2\/posts\/23654"}],"collection":[{"href":"https:\/\/www.fumssar.com.br\/index.php?rest_route=\/wp\/v2\/posts"}],"about":[{"href":"https:\/\/www.fumssar.com.br\/index.php?rest_route=\/wp\/v2\/types\/post"}],"author":[{"embeddable":true,"href":"https:\/\/www.fumssar.com.br\/index.php?rest_route=\/wp\/v2\/users\/36"}],"replies":[{"embeddable":true,"href":"https:\/\/www.fumssar.com.br\/index.php?rest_route=%2Fwp%2Fv2%2Fcomments&post=23654"}],"version-history":[{"count":1,"href":"https:\/\/www.fumssar.com.br\/index.php?rest_route=\/wp\/v2\/posts\/23654\/revisions"}],"predecessor-version":[{"id":23656,"href":"https:\/\/www.fumssar.com.br\/index.php?rest_route=\/wp\/v2\/posts\/23654\/revisions\/23656"}],"wp:featuredmedia":[{"embeddable":true,"href":"https:\/\/www.fumssar.com.br\/index.php?rest_route=\/wp\/v2\/media\/23655"}],"wp:attachment":[{"href":"https:\/\/www.fumssar.com.br\/index.php?rest_route=%2Fwp%2Fv2%2Fmedia&parent=23654"}],"wp:term":[{"taxonomy":"category","embeddable":true,"href":"https:\/\/www.fumssar.com.br\/index.php?rest_route=%2Fwp%2Fv2%2Fcategories&post=23654"},{"taxonomy":"post_tag","embeddable":true,"href":"https:\/\/www.fumssar.com.br\/index.php?rest_route=%2Fwp%2Fv2%2Ftags&post=23654"}],"curies":[{"name":"wp","href":"https:\/\/api.w.org\/{rel}","templated":true}]}}