{"id":2349,"date":"2014-09-04T20:20:48","date_gmt":"2014-09-04T20:20:48","guid":{"rendered":"http:\/\/www.fumssar.com.br\/?p=2349"},"modified":"2024-10-07T16:36:17","modified_gmt":"2024-10-07T19:36:17","slug":"licitados-sete-novos-veiculos-para-a-fumssar","status":"publish","type":"post","link":"https:\/\/www.fumssar.com.br\/?p=2349","title":{"rendered":"Licitados Sete Novos Ve\u00edculos Para a FUMSSAR"},"content":{"rendered":"<p>A Funda\u00e7\u00e3o Municipal de Sa\u00fade de Santa Rosa-FUMSSAR realizou na manh\u00e3 desta quinta-feira (4), uma licita\u00e7\u00e3o para aquisi\u00e7\u00e3o da sua frota de ve\u00edculos. O edital previa a compra de nove unidades novas, mas somente sete foram habilitados da licita\u00e7\u00e3o. A FUMSSAR ir\u00e1 realizar nova licita\u00e7\u00e3o para aquisi\u00e7\u00e3o de outros dois ve\u00edculos. \u00a0A previs\u00e3o \u00e9 que ainda este m\u00eas os ve\u00edculos licitados estar\u00e3o incorporados \u00e0 frota da institui\u00e7\u00e3o. Os ve\u00edculos adquiridos s\u00e3o das marcas Fiat P\u00e1lio Weekend e Nissan\u00a0 March e \u00a0ser\u00e3o disponibilizados para o transporte de pacientes atendendo a uma demanda de cerca de 800 pessoas que utilizam os servi\u00e7os da Funda\u00e7\u00e3o. o Diretor de Gest\u00e3o Administrativa Aldair Melchior destacou que a renova\u00e7\u00e3o da frota se faz necess\u00e1ria para que os usu\u00e1rios tenham seguran\u00e7a e conforto bem como os motoristas que realizam diversas viagens durante a semana.<a href=\"http:\/\/www.fumssar.com.br\/wp-content\/uploads\/2014\/09\/Veiculo-FUMSSAR-MODELO-1.jpg\"><img loading=\"lazy\" decoding=\"async\" class=\"alignnone size-medium wp-image-2363\" alt=\"Veiculo FUMSSAR MODELO 1\" src=\"http:\/\/www.fumssar.com.br\/wp-content\/uploads\/2014\/09\/Veiculo-FUMSSAR-MODELO-1-300x175.jpg\" width=\"300\" height=\"175\" srcset=\"https:\/\/www.fumssar.com.br\/wp-content\/uploads\/2014\/09\/Veiculo-FUMSSAR-MODELO-1-300x175.jpg 300w, https:\/\/www.fumssar.com.br\/wp-content\/uploads\/2014\/09\/Veiculo-FUMSSAR-MODELO-1-1024x598.jpg 1024w, https:\/\/www.fumssar.com.br\/wp-content\/uploads\/2014\/09\/Veiculo-FUMSSAR-MODELO-1.jpg 1162w\" sizes=\"(max-width: 300px) 100vw, 300px\" \/><\/a><\/p>\n","protected":false},"excerpt":{"rendered":"<p>A Funda\u00e7\u00e3o Municipal de Sa\u00fade de Santa Rosa-FUMSSAR realizou na manh\u00e3 desta quinta-feira (4), uma&#8230;<\/p>\n","protected":false},"author":11,"featured_media":2362,"comment_status":"open","ping_status":"open","sticky":false,"template":"","format":"standard","meta":{"footnotes":""},"categories":[2],"tags":[],"_links":{"self":[{"href":"https:\/\/www.fumssar.com.br\/index.php?rest_route=\/wp\/v2\/posts\/2349"}],"collection":[{"href":"https:\/\/www.fumssar.com.br\/index.php?rest_route=\/wp\/v2\/posts"}],"about":[{"href":"https:\/\/www.fumssar.com.br\/index.php?rest_route=\/wp\/v2\/types\/post"}],"author":[{"embeddable":true,"href":"https:\/\/www.fumssar.com.br\/index.php?rest_route=\/wp\/v2\/users\/11"}],"replies":[{"embeddable":true,"href":"https:\/\/www.fumssar.com.br\/index.php?rest_route=%2Fwp%2Fv2%2Fcomments&post=2349"}],"version-history":[{"count":3,"href":"https:\/\/www.fumssar.com.br\/index.php?rest_route=\/wp\/v2\/posts\/2349\/revisions"}],"predecessor-version":[{"id":2364,"href":"https:\/\/www.fumssar.com.br\/index.php?rest_route=\/wp\/v2\/posts\/2349\/revisions\/2364"}],"wp:featuredmedia":[{"embeddable":true,"href":"https:\/\/www.fumssar.com.br\/index.php?rest_route=\/wp\/v2\/media\/2362"}],"wp:attachment":[{"href":"https:\/\/www.fumssar.com.br\/index.php?rest_route=%2Fwp%2Fv2%2Fmedia&parent=2349"}],"wp:term":[{"taxonomy":"category","embeddable":true,"href":"https:\/\/www.fumssar.com.br\/index.php?rest_route=%2Fwp%2Fv2%2Fcategories&post=2349"},{"taxonomy":"post_tag","embeddable":true,"href":"https:\/\/www.fumssar.com.br\/index.php?rest_route=%2Fwp%2Fv2%2Ftags&post=2349"}],"curies":[{"name":"wp","href":"https:\/\/api.w.org\/{rel}","templated":true}]}}