{"id":2346,"date":"2014-09-03T14:15:37","date_gmt":"2014-09-03T14:15:37","guid":{"rendered":"http:\/\/www.fumssar.com.br\/?p=2346"},"modified":"2024-10-07T16:36:17","modified_gmt":"2024-10-07T19:36:17","slug":"mais-uma-unidade-de-saude-sera-reformada","status":"publish","type":"post","link":"https:\/\/www.fumssar.com.br\/?p=2346","title":{"rendered":"Mais uma Unidade de Sa\u00fade ser\u00e1 reformada"},"content":{"rendered":"<p><b>\u00a0\u00a0\u00a0\u00a0\u00a0\u00a0\u00a0\u00a0 <\/b>J\u00e1 esta sendo projetado pelo setor de infraestrutura da Funda\u00e7\u00e3o Municipal de Sa\u00fade, mais uma reforma em unidade de sa\u00fade. A pr\u00f3xima unidade que receber\u00e1 melhorias \u00e9 a do Bairro Gl\u00f3ria que est\u00e1 com sua estrutura um pouco danificada. Na tarde de ter\u00e7a-feira, o Diretor de Gest\u00e3o Administrativa da FUMSSAR, Aldair Melchior e o arquiteto Marcos Cartana estiveram vistoriando o local, e pontuando as melhorias necess\u00e1rias na unidade. Segundo Melchior ser\u00e3o feitos servi\u00e7os de renova\u00e7\u00e3o de reboco em algumas paredes\u00a0 concerto de telhado e outras melhorias, bem como a pintura geral da edifica\u00e7\u00e3o. O Diretor destacou\u00a0 ainda que atualmente tr\u00eas unidades est\u00e3o sendo reformadas e\u00a0 ampliadas visando um atendimento mais qualificado aos usu\u00e1rios. A comunidade do bairro Gl\u00f3ria estar\u00e1 recebendo em breve uma academia de sa\u00fade que est\u00e1 em fase de conclus\u00e3o.<\/p>\n","protected":false},"excerpt":{"rendered":"<p>\u00a0\u00a0\u00a0\u00a0\u00a0\u00a0\u00a0\u00a0 J\u00e1 esta sendo projetado pelo setor de infraestrutura da Funda\u00e7\u00e3o Municipal de Sa\u00fade, mais&#8230;<\/p>\n","protected":false},"author":11,"featured_media":2347,"comment_status":"open","ping_status":"open","sticky":false,"template":"","format":"standard","meta":{"footnotes":""},"categories":[2],"tags":[],"_links":{"self":[{"href":"https:\/\/www.fumssar.com.br\/index.php?rest_route=\/wp\/v2\/posts\/2346"}],"collection":[{"href":"https:\/\/www.fumssar.com.br\/index.php?rest_route=\/wp\/v2\/posts"}],"about":[{"href":"https:\/\/www.fumssar.com.br\/index.php?rest_route=\/wp\/v2\/types\/post"}],"author":[{"embeddable":true,"href":"https:\/\/www.fumssar.com.br\/index.php?rest_route=\/wp\/v2\/users\/11"}],"replies":[{"embeddable":true,"href":"https:\/\/www.fumssar.com.br\/index.php?rest_route=%2Fwp%2Fv2%2Fcomments&post=2346"}],"version-history":[{"count":1,"href":"https:\/\/www.fumssar.com.br\/index.php?rest_route=\/wp\/v2\/posts\/2346\/revisions"}],"predecessor-version":[{"id":2348,"href":"https:\/\/www.fumssar.com.br\/index.php?rest_route=\/wp\/v2\/posts\/2346\/revisions\/2348"}],"wp:featuredmedia":[{"embeddable":true,"href":"https:\/\/www.fumssar.com.br\/index.php?rest_route=\/wp\/v2\/media\/2347"}],"wp:attachment":[{"href":"https:\/\/www.fumssar.com.br\/index.php?rest_route=%2Fwp%2Fv2%2Fmedia&parent=2346"}],"wp:term":[{"taxonomy":"category","embeddable":true,"href":"https:\/\/www.fumssar.com.br\/index.php?rest_route=%2Fwp%2Fv2%2Fcategories&post=2346"},{"taxonomy":"post_tag","embeddable":true,"href":"https:\/\/www.fumssar.com.br\/index.php?rest_route=%2Fwp%2Fv2%2Ftags&post=2346"}],"curies":[{"name":"wp","href":"https:\/\/api.w.org\/{rel}","templated":true}]}}