{"id":23368,"date":"2023-03-15T17:32:00","date_gmt":"2023-03-15T20:32:00","guid":{"rendered":"http:\/\/www.fumssar.com.br\/?p=23368"},"modified":"2024-10-07T16:32:46","modified_gmt":"2024-10-07T19:32:46","slug":"fundacao-tera-programacao-para-o-abril-azul","status":"publish","type":"post","link":"https:\/\/www.fumssar.com.br\/?p=23368","title":{"rendered":"Funda\u00e7\u00e3o ter\u00e1 Programa\u00e7\u00e3o para o Abril Azul"},"content":{"rendered":"\n<p><\/p>\n\n\n\n<figure class=\"wp-block-image\"><img loading=\"lazy\" decoding=\"async\" width=\"860\" height=\"645\" src=\"https:\/\/www.fumssar.com.br\/wp-content\/uploads\/2023\/03\/Formato-Site-e-Portal-860X645-JPG-2023-03-15T164634.171.jpg\" alt=\"\" class=\"wp-image-23369\" srcset=\"https:\/\/www.fumssar.com.br\/wp-content\/uploads\/2023\/03\/Formato-Site-e-Portal-860X645-JPG-2023-03-15T164634.171.jpg 860w, https:\/\/www.fumssar.com.br\/wp-content\/uploads\/2023\/03\/Formato-Site-e-Portal-860X645-JPG-2023-03-15T164634.171-300x225.jpg 300w, https:\/\/www.fumssar.com.br\/wp-content\/uploads\/2023\/03\/Formato-Site-e-Portal-860X645-JPG-2023-03-15T164634.171-768x576.jpg 768w\" sizes=\"(max-width: 860px) 100vw, 860px\" \/><\/figure>\n\n\n\n<p>Uma programa\u00e7\u00e3o diferenciada foi organizada para Abril, m\u00eas que \u00e9 voltado para a conscientiza\u00e7\u00e3o da popula\u00e7\u00e3o sobre a inclus\u00e3o de pessoas com TEA (Transtorno do Espectro Autista). Atividades especiais ser\u00e3o realizadas pela equipe do Centro Macrorregional de Refer\u00eancia em Transtorno do Espectro Autista TEAcolhe.\u00a0<\/p>\n\n\n\n<p><br>A programa\u00e7\u00e3o come\u00e7a no dia\u00a021 de mar\u00e7o, \u00e0s 19h, quando ser\u00e1 realizado um di\u00e1logo sobre Transtorno do Espectro Autista. O evento \u00e9 direcionado para m\u00e3es de pessoas com TEA e vai acontecer na Acisap. Na\u00a0quinta-feira, dia\u00a030 de mar\u00e7o, \u00e0s 19h, ser\u00e1 realizada pelo CER II, a abertura da exposi\u00e7\u00e3o de fotografia no Centro Cultural Prof. Fioravante Pedrazani. No dia\u00a02 de abril, as fam\u00edlias e pessoas com TEA, v\u00e3o participar de um piquenique no Parque de Exposi\u00e7\u00f5es Alfredo Leandro Carlson. De 3 a\u00a05 de abril, ser\u00e1 realizada a \u201cSemana Azul\u201d, nas escolas. <\/p>\n\n\n\n<p>Segundo a Coordenadora do TEAcolhe, Fl\u00e1via Albuquerque, \u201cA programa\u00e7\u00e3o do abril azul contar\u00e1 com diversas atividades direcionadas para profissionais de sa\u00fade, educa\u00e7\u00e3o e assist\u00eancia social, bem como, para familiares e usu\u00e1rios autistas e t\u00eam como parceiros as entidades que atendem esse p\u00fablico e a associa\u00e7\u00e3o de pais de autistas de Santa Rosa\u201d.<\/p>\n\n\n\n<p><br>Na\u00a0ter\u00e7a-feira(04), \u00e0s 8h, ser\u00e1 realizado o III Semin\u00e1rio Estadual TEA, no audit\u00f3rio da Uniju\u00ed Campus Santa Rosa. Dia\u00a010 de abril\u00a0\u00e0s 8h, vai\u00a0ter\u00a0a participa\u00e7\u00e3o da Rede de Apoio \u00e0 Escola &#8211; RAE de Santa Rosa, para capacita\u00e7\u00e3o sobre TEA. No dia\u00a018 de abril\u00a0\u00e0s 19h, vai acontecer uma roda de conversa com familiares de pessoas com TEA. A atividade ser\u00e1 conduzida pelo Sr. Hugo da Rede Ga\u00facha Pr\u00f3 Autismo e na\u00a0quarta-feira (26), a nutricionista Patr\u00edcia Vogel vai falar sobre a seletividade Alimentar e TEA. A atividade ser\u00e1 de forma online. <\/p>\n","protected":false},"excerpt":{"rendered":"<p>Uma programa\u00e7\u00e3o diferenciada foi organizada para Abril, m\u00eas que \u00e9 voltado para a conscientiza\u00e7\u00e3o da&#8230;<\/p>\n","protected":false},"author":36,"featured_media":23370,"comment_status":"open","ping_status":"open","sticky":false,"template":"","format":"standard","meta":{"footnotes":""},"categories":[2],"tags":[],"_links":{"self":[{"href":"https:\/\/www.fumssar.com.br\/index.php?rest_route=\/wp\/v2\/posts\/23368"}],"collection":[{"href":"https:\/\/www.fumssar.com.br\/index.php?rest_route=\/wp\/v2\/posts"}],"about":[{"href":"https:\/\/www.fumssar.com.br\/index.php?rest_route=\/wp\/v2\/types\/post"}],"author":[{"embeddable":true,"href":"https:\/\/www.fumssar.com.br\/index.php?rest_route=\/wp\/v2\/users\/36"}],"replies":[{"embeddable":true,"href":"https:\/\/www.fumssar.com.br\/index.php?rest_route=%2Fwp%2Fv2%2Fcomments&post=23368"}],"version-history":[{"count":1,"href":"https:\/\/www.fumssar.com.br\/index.php?rest_route=\/wp\/v2\/posts\/23368\/revisions"}],"predecessor-version":[{"id":23371,"href":"https:\/\/www.fumssar.com.br\/index.php?rest_route=\/wp\/v2\/posts\/23368\/revisions\/23371"}],"wp:featuredmedia":[{"embeddable":true,"href":"https:\/\/www.fumssar.com.br\/index.php?rest_route=\/wp\/v2\/media\/23370"}],"wp:attachment":[{"href":"https:\/\/www.fumssar.com.br\/index.php?rest_route=%2Fwp%2Fv2%2Fmedia&parent=23368"}],"wp:term":[{"taxonomy":"category","embeddable":true,"href":"https:\/\/www.fumssar.com.br\/index.php?rest_route=%2Fwp%2Fv2%2Fcategories&post=23368"},{"taxonomy":"post_tag","embeddable":true,"href":"https:\/\/www.fumssar.com.br\/index.php?rest_route=%2Fwp%2Fv2%2Ftags&post=23368"}],"curies":[{"name":"wp","href":"https:\/\/api.w.org\/{rel}","templated":true}]}}