{"id":23338,"date":"2023-03-10T08:15:35","date_gmt":"2023-03-10T11:15:35","guid":{"rendered":"http:\/\/www.fumssar.com.br\/?p=23338"},"modified":"2024-10-07T16:32:46","modified_gmt":"2024-10-07T19:32:46","slug":"confira-os-horarios-da-vacinacao-monovalente-e-bivalente-contra-a-covid-19","status":"publish","type":"post","link":"https:\/\/www.fumssar.com.br\/?p=23338","title":{"rendered":"Confira os hor\u00e1rios da vacina\u00e7\u00e3o Monovalente e Bivalente contra a COVID-19"},"content":{"rendered":"\n<figure class=\"wp-block-image\"><img loading=\"lazy\" decoding=\"async\" width=\"860\" height=\"645\" src=\"https:\/\/www.fumssar.com.br\/wp-content\/uploads\/2023\/03\/Formato-Site-e-Portal-860X645-JPG-2023-03-10T080638.281.jpg\" alt=\"\" class=\"wp-image-23339\" srcset=\"https:\/\/www.fumssar.com.br\/wp-content\/uploads\/2023\/03\/Formato-Site-e-Portal-860X645-JPG-2023-03-10T080638.281.jpg 860w, https:\/\/www.fumssar.com.br\/wp-content\/uploads\/2023\/03\/Formato-Site-e-Portal-860X645-JPG-2023-03-10T080638.281-300x225.jpg 300w, https:\/\/www.fumssar.com.br\/wp-content\/uploads\/2023\/03\/Formato-Site-e-Portal-860X645-JPG-2023-03-10T080638.281-768x576.jpg 768w\" sizes=\"(max-width: 860px) 100vw, 860px\" \/><\/figure>\n\n\n\n<p><br>A Funda\u00e7\u00e3o Municipal de Sa\u00fade de Santa Rosa segue realizando a vacina\u00e7\u00e3o contra a COVID-19. A imuniza\u00e7\u00e3o monovalente acontece todas as segundas-feiras, das 18h30min \u00e0s 21h30min, na Unidade B\u00e1sica de Sa\u00fade do Centro, para todas as faixas et\u00e1rias, a partir de 6 meses de idade. O primeiro refor\u00e7o da vacina monovalente est\u00e1 dispon\u00edvel para crian\u00e7as\/adolescentes a partir de 3 anos at\u00e9 17 anos, 11 meses e 29 dias e o segundo refor\u00e7o para adultos a partir dos 18 anos.\u00a0<\/p>\n\n\n\n<p><br>J\u00e1 a vacina\u00e7\u00e3o bivalente, est\u00e1 dispon\u00edvel para os idosos a partir dos 60 anos e imunocomprometidos a partir de 12 anos de idade. A bivalente ser\u00e1 aplicada no posto de refer\u00eancia, conforme cronograma de cada UBS. Para receber a dose bivalente, \u00e9 necess\u00e1rio\u00a0ter\u00a0o esquema monovalente m\u00ednimo completo, ou seja, D1 + D2.\u00a0<\/p>\n\n\n\n<figure class=\"wp-block-image\"><img loading=\"lazy\" decoding=\"async\" width=\"860\" height=\"645\" src=\"https:\/\/www.fumssar.com.br\/wp-content\/uploads\/2023\/03\/Formato-Site-e-Portal-860X645-JPG-2023-03-10T080700.601.jpg\" alt=\"\" class=\"wp-image-23340\" srcset=\"https:\/\/www.fumssar.com.br\/wp-content\/uploads\/2023\/03\/Formato-Site-e-Portal-860X645-JPG-2023-03-10T080700.601.jpg 860w, https:\/\/www.fumssar.com.br\/wp-content\/uploads\/2023\/03\/Formato-Site-e-Portal-860X645-JPG-2023-03-10T080700.601-300x225.jpg 300w, https:\/\/www.fumssar.com.br\/wp-content\/uploads\/2023\/03\/Formato-Site-e-Portal-860X645-JPG-2023-03-10T080700.601-768x576.jpg 768w\" sizes=\"(max-width: 860px) 100vw, 860px\" \/><\/figure>\n\n\n\n<p><br>\u00c9 importante lembrar que pessoas que t\u00eam doses atrasadas precisam colocar seus esquemas vacinais em dia. As aplica\u00e7\u00f5es das vacinas bivalentes s\u00e3o realizadas conforme orienta\u00e7\u00f5es do Minist\u00e9rio da Sa\u00fade, seguindo o cronograma de grupos priorit\u00e1rios. Desta forma, as vacinas s\u00e3o escalonadas conforme o recebimento das doses.<\/p>\n\n\n\n<p>Para se vacinar, \u00e9 preciso levar documento com foto, CPF e a caderneta de vacina\u00e7\u00e3o. A UBS do Centro fica localizada na Rua Buenos Aires, 40 \u2013 centro. Mais informa\u00e7\u00f5es no site da FUMSSAR. <\/p>\n","protected":false},"excerpt":{"rendered":"<p>A Funda\u00e7\u00e3o Municipal de Sa\u00fade de Santa Rosa segue realizando a vacina\u00e7\u00e3o contra a COVID-19&#8230;.<\/p>\n","protected":false},"author":36,"featured_media":23339,"comment_status":"open","ping_status":"open","sticky":false,"template":"","format":"standard","meta":{"footnotes":""},"categories":[152,2],"tags":[],"_links":{"self":[{"href":"https:\/\/www.fumssar.com.br\/index.php?rest_route=\/wp\/v2\/posts\/23338"}],"collection":[{"href":"https:\/\/www.fumssar.com.br\/index.php?rest_route=\/wp\/v2\/posts"}],"about":[{"href":"https:\/\/www.fumssar.com.br\/index.php?rest_route=\/wp\/v2\/types\/post"}],"author":[{"embeddable":true,"href":"https:\/\/www.fumssar.com.br\/index.php?rest_route=\/wp\/v2\/users\/36"}],"replies":[{"embeddable":true,"href":"https:\/\/www.fumssar.com.br\/index.php?rest_route=%2Fwp%2Fv2%2Fcomments&post=23338"}],"version-history":[{"count":1,"href":"https:\/\/www.fumssar.com.br\/index.php?rest_route=\/wp\/v2\/posts\/23338\/revisions"}],"predecessor-version":[{"id":23341,"href":"https:\/\/www.fumssar.com.br\/index.php?rest_route=\/wp\/v2\/posts\/23338\/revisions\/23341"}],"wp:featuredmedia":[{"embeddable":true,"href":"https:\/\/www.fumssar.com.br\/index.php?rest_route=\/wp\/v2\/media\/23339"}],"wp:attachment":[{"href":"https:\/\/www.fumssar.com.br\/index.php?rest_route=%2Fwp%2Fv2%2Fmedia&parent=23338"}],"wp:term":[{"taxonomy":"category","embeddable":true,"href":"https:\/\/www.fumssar.com.br\/index.php?rest_route=%2Fwp%2Fv2%2Fcategories&post=23338"},{"taxonomy":"post_tag","embeddable":true,"href":"https:\/\/www.fumssar.com.br\/index.php?rest_route=%2Fwp%2Fv2%2Ftags&post=23338"}],"curies":[{"name":"wp","href":"https:\/\/api.w.org\/{rel}","templated":true}]}}