{"id":23309,"date":"2023-03-06T14:40:17","date_gmt":"2023-03-06T17:40:17","guid":{"rendered":"http:\/\/www.fumssar.com.br\/?p=23309"},"modified":"2024-10-07T16:32:47","modified_gmt":"2024-10-07T19:32:47","slug":"15a-conferencia-municipal-de-saude-sera-em-marco","status":"publish","type":"post","link":"https:\/\/www.fumssar.com.br\/?p=23309","title":{"rendered":"15\u00aa Confer\u00eancia Municipal de Sa\u00fade ser\u00e1 em mar\u00e7o"},"content":{"rendered":"\n<figure class=\"wp-block-image\"><img loading=\"lazy\" decoding=\"async\" width=\"860\" height=\"645\" src=\"https:\/\/www.fumssar.com.br\/wp-content\/uploads\/2023\/03\/Formato-Site-e-Portal-860X645-JPG-7.png\" alt=\"\" class=\"wp-image-23310\" srcset=\"https:\/\/www.fumssar.com.br\/wp-content\/uploads\/2023\/03\/Formato-Site-e-Portal-860X645-JPG-7.png 860w, https:\/\/www.fumssar.com.br\/wp-content\/uploads\/2023\/03\/Formato-Site-e-Portal-860X645-JPG-7-300x225.png 300w, https:\/\/www.fumssar.com.br\/wp-content\/uploads\/2023\/03\/Formato-Site-e-Portal-860X645-JPG-7-768x576.png 768w\" sizes=\"(max-width: 860px) 100vw, 860px\" \/><\/figure>\n\n\n\n<p>A Prefeitura de Santa Rosa, o Conselho Municipal de Sa\u00fade &#8211; CMS e a FUMSSAR est\u00e3o organizando a 15\u00aa Confer\u00eancia Municipal de Sa\u00fade. O evento vai ter como tema: \u201cSUS e Controle social: Frutos da democracia para um amanh\u00e3 de avan\u00e7os e conquistas\u201d. A Confer\u00eancia vai acontecer no dia 24 de mar\u00e7o, no audit\u00f3rio da Uniju\u00ed, com credenciamento \u00e0s 17h e abertura oficial \u00e0s 18h30min.<\/p>\n\n\n\n<p>Nesta semana, a partir desta segunda-feira (06), v\u00e3o acontecer as reuni\u00f5es nos bairros e vilas, chamadas de Pr\u00e9-Confer\u00eancias. Para esses encontros, o CMS conta com a participa\u00e7\u00e3o dos cidad\u00e3os e usu\u00e1rios do SUS, que auxiliam na constru\u00e7\u00e3o de propostas para a manuten\u00e7\u00e3o e melhoria do servi\u00e7o de sa\u00fade de Santa Rosa. Este \u00e9 um processo democr\u00e1tico de ampla participa\u00e7\u00e3o da popula\u00e7\u00e3o. Toda a comunidade santa-rosense est\u00e1 convidada a contribuir participando efetivamente.<\/p>\n\n\n\n<p>As Pr\u00e9-Confer\u00eancias v\u00e3o ser realizadas do dia 06 a 10\/03, \u00e0s 19h. Nesta segunda-feira, dia 06\/03, as reuni\u00f5es acontecem nos bairros: Bela Uni\u00e3o, Centro, Cruzeiro do Sul, Sulina e Jardim Petr\u00f3polis. Os endere\u00e7os e o cronograma completo, podem ser conferidos no site da prefeitura.<\/p>\n","protected":false},"excerpt":{"rendered":"<p>A Prefeitura de Santa Rosa, o Conselho Municipal de Sa\u00fade &#8211; CMS e a FUMSSAR&#8230;<\/p>\n","protected":false},"author":36,"featured_media":23311,"comment_status":"closed","ping_status":"closed","sticky":false,"template":"","format":"standard","meta":{"footnotes":""},"categories":[2],"tags":[],"_links":{"self":[{"href":"https:\/\/www.fumssar.com.br\/index.php?rest_route=\/wp\/v2\/posts\/23309"}],"collection":[{"href":"https:\/\/www.fumssar.com.br\/index.php?rest_route=\/wp\/v2\/posts"}],"about":[{"href":"https:\/\/www.fumssar.com.br\/index.php?rest_route=\/wp\/v2\/types\/post"}],"author":[{"embeddable":true,"href":"https:\/\/www.fumssar.com.br\/index.php?rest_route=\/wp\/v2\/users\/36"}],"replies":[{"embeddable":true,"href":"https:\/\/www.fumssar.com.br\/index.php?rest_route=%2Fwp%2Fv2%2Fcomments&post=23309"}],"version-history":[{"count":1,"href":"https:\/\/www.fumssar.com.br\/index.php?rest_route=\/wp\/v2\/posts\/23309\/revisions"}],"predecessor-version":[{"id":23312,"href":"https:\/\/www.fumssar.com.br\/index.php?rest_route=\/wp\/v2\/posts\/23309\/revisions\/23312"}],"wp:featuredmedia":[{"embeddable":true,"href":"https:\/\/www.fumssar.com.br\/index.php?rest_route=\/wp\/v2\/media\/23311"}],"wp:attachment":[{"href":"https:\/\/www.fumssar.com.br\/index.php?rest_route=%2Fwp%2Fv2%2Fmedia&parent=23309"}],"wp:term":[{"taxonomy":"category","embeddable":true,"href":"https:\/\/www.fumssar.com.br\/index.php?rest_route=%2Fwp%2Fv2%2Fcategories&post=23309"},{"taxonomy":"post_tag","embeddable":true,"href":"https:\/\/www.fumssar.com.br\/index.php?rest_route=%2Fwp%2Fv2%2Ftags&post=23309"}],"curies":[{"name":"wp","href":"https:\/\/api.w.org\/{rel}","templated":true}]}}