{"id":23303,"date":"2023-03-03T18:46:22","date_gmt":"2023-03-03T21:46:22","guid":{"rendered":"http:\/\/www.fumssar.com.br\/?p=23303"},"modified":"2024-10-07T16:32:47","modified_gmt":"2024-10-07T19:32:47","slug":"novos-residentes-sao-recepcionados-na-fumssar","status":"publish","type":"post","link":"https:\/\/www.fumssar.com.br\/?p=23303","title":{"rendered":"Novos residentes s\u00e3o recepcionados na FUMSSAR"},"content":{"rendered":"\n<figure class=\"wp-block-image\"><img loading=\"lazy\" decoding=\"async\" width=\"1024\" height=\"768\" src=\"http:\/\/www.fumssar.com.br\/wp-content\/uploads\/2023\/03\/WhatsApp-Image-2023-03-03-at-17.13.51-1024x768.jpeg\" alt=\"\" class=\"wp-image-23304\" srcset=\"https:\/\/www.fumssar.com.br\/wp-content\/uploads\/2023\/03\/WhatsApp-Image-2023-03-03-at-17.13.51-1024x768.jpeg 1024w, https:\/\/www.fumssar.com.br\/wp-content\/uploads\/2023\/03\/WhatsApp-Image-2023-03-03-at-17.13.51-300x225.jpeg 300w, https:\/\/www.fumssar.com.br\/wp-content\/uploads\/2023\/03\/WhatsApp-Image-2023-03-03-at-17.13.51-768x576.jpeg 768w, https:\/\/www.fumssar.com.br\/wp-content\/uploads\/2023\/03\/WhatsApp-Image-2023-03-03-at-17.13.51.jpeg 1600w\" sizes=\"(max-width: 1024px) 100vw, 1024px\" \/><\/figure>\n\n\n\n<p>Entrando no 16\u00ba ano, os Programas de Resid\u00eancias em Sa\u00fade da FUMSSAR, iniciaram na quarta-feira (01), novas turmas. O projeto \u00e9 uma parceria da Funda\u00e7\u00e3o com a UNIJUI e neste ano, re\u00fane 13 profissionais. A aula inaugural, realizada no audit\u00f3rio da Funda\u00e7\u00e3o, foi marcada por mensagens de boas-vindas. Os alunos receberam orienta\u00e7\u00f5es e conheceram a estrutura da institui\u00e7\u00e3o.\u00a0<\/p>\n\n\n\n<p>No Programa de Resid\u00eancia em Medicina da Fam\u00edlia e Comunidade foram recebidos dois novos residentes, alunos ingressantes das cidades de Horizontina e Giru\u00e1. J\u00e1 o Programa de Resid\u00eancia Multiprofissional em Sa\u00fade da Fam\u00edlia, vai contar com uma nova turma de 11 integrantes (4 enfermeiros, 2 dentistas, 1 psic\u00f3loga, 1 assistente social, 1 profissional de educa\u00e7\u00e3o f\u00edsica, 1 farmac\u00eautica e 1 nutricionista), vindos dos munic\u00edpios de: Cruz Alta, S\u00e3o Luiz Gonzaga, Santa Rosa, Horizontina, Fortaleza dos Valos, Tucunduva, S\u00e3o Nicolau e Pinheiro do Vale. O Presidente da FUMSSAR, D\u00e9lcio Stefan, destacou a import\u00e2ncia do trabalho de cada residente na rede p\u00fablica de sa\u00fade do munic\u00edpio, durante estes dois anos de especializa\u00e7\u00e3o, \u201c\u00c9 uma alegria receber gente nova nos nossos programas de resid\u00eancia. Esta \u00e9 uma grande oportunidade de vivenciar a profiss\u00e3o que eles escolheram, com o diferencial de ser realizado dentro de uma Autarquia Municipal de Sa\u00fade, com gest\u00e3o plena. O trabalho pr\u00e1tico que ir\u00e3o realizar durante a especializa\u00e7\u00e3o \u00e9 de grande valia e sabemos valorizar isso. Que sejam dois anos de muito aprendizado e boas experi\u00eancias\u201d.<\/p>\n\n\n\n<p>A resid\u00eancia em sa\u00fade \u00e9 uma especializa\u00e7\u00e3o latu sensu que associa teoria e pr\u00e1tica, portanto, estes profissionais se capacitam e prestam os servi\u00e7os de sa\u00fade na Rede de Aten\u00e7\u00e3o B\u00e1sica do munic\u00edpio. Desde 2006, foram formados 22 profissionais nos dois programas. <\/p>\n","protected":false},"excerpt":{"rendered":"<p>Entrando no 16\u00ba ano, os Programas de Resid\u00eancias em Sa\u00fade da FUMSSAR, iniciaram na quarta-feira&#8230;<\/p>\n","protected":false},"author":36,"featured_media":23304,"comment_status":"closed","ping_status":"closed","sticky":false,"template":"","format":"standard","meta":{"footnotes":""},"categories":[2],"tags":[],"_links":{"self":[{"href":"https:\/\/www.fumssar.com.br\/index.php?rest_route=\/wp\/v2\/posts\/23303"}],"collection":[{"href":"https:\/\/www.fumssar.com.br\/index.php?rest_route=\/wp\/v2\/posts"}],"about":[{"href":"https:\/\/www.fumssar.com.br\/index.php?rest_route=\/wp\/v2\/types\/post"}],"author":[{"embeddable":true,"href":"https:\/\/www.fumssar.com.br\/index.php?rest_route=\/wp\/v2\/users\/36"}],"replies":[{"embeddable":true,"href":"https:\/\/www.fumssar.com.br\/index.php?rest_route=%2Fwp%2Fv2%2Fcomments&post=23303"}],"version-history":[{"count":1,"href":"https:\/\/www.fumssar.com.br\/index.php?rest_route=\/wp\/v2\/posts\/23303\/revisions"}],"predecessor-version":[{"id":23305,"href":"https:\/\/www.fumssar.com.br\/index.php?rest_route=\/wp\/v2\/posts\/23303\/revisions\/23305"}],"wp:featuredmedia":[{"embeddable":true,"href":"https:\/\/www.fumssar.com.br\/index.php?rest_route=\/wp\/v2\/media\/23304"}],"wp:attachment":[{"href":"https:\/\/www.fumssar.com.br\/index.php?rest_route=%2Fwp%2Fv2%2Fmedia&parent=23303"}],"wp:term":[{"taxonomy":"category","embeddable":true,"href":"https:\/\/www.fumssar.com.br\/index.php?rest_route=%2Fwp%2Fv2%2Fcategories&post=23303"},{"taxonomy":"post_tag","embeddable":true,"href":"https:\/\/www.fumssar.com.br\/index.php?rest_route=%2Fwp%2Fv2%2Ftags&post=23303"}],"curies":[{"name":"wp","href":"https:\/\/api.w.org\/{rel}","templated":true}]}}