{"id":23293,"date":"2023-03-03T10:40:04","date_gmt":"2023-03-03T13:40:04","guid":{"rendered":"http:\/\/www.fumssar.com.br\/?p=23293"},"modified":"2024-10-07T16:32:47","modified_gmt":"2024-10-07T19:32:47","slug":"vacina-bivalente-covid-19-para-idosos-acontece-neste-sabado","status":"publish","type":"post","link":"https:\/\/www.fumssar.com.br\/?p=23293","title":{"rendered":"Vacina Bivalente &#8211; COVID-19 para idosos acontece neste s\u00e1bado"},"content":{"rendered":"\n<figure class=\"wp-block-image\"><img loading=\"lazy\" decoding=\"async\" width=\"860\" height=\"645\" src=\"https:\/\/www.fumssar.com.br\/wp-content\/uploads\/2023\/03\/Formato-Site-e-Portal-860X645-JPG-69.jpg\" alt=\"\" class=\"wp-image-23294\" srcset=\"https:\/\/www.fumssar.com.br\/wp-content\/uploads\/2023\/03\/Formato-Site-e-Portal-860X645-JPG-69.jpg 860w, https:\/\/www.fumssar.com.br\/wp-content\/uploads\/2023\/03\/Formato-Site-e-Portal-860X645-JPG-69-300x225.jpg 300w, https:\/\/www.fumssar.com.br\/wp-content\/uploads\/2023\/03\/Formato-Site-e-Portal-860X645-JPG-69-768x576.jpg 768w\" sizes=\"(max-width: 860px) 100vw, 860px\" \/><\/figure>\n\n\n\n<p>A\nFunda\u00e7\u00e3o Municipal de Sa\u00fade de Santa Rosa vai realizar neste s\u00e1bado (04), um\nmutir\u00e3o para a aplica\u00e7\u00e3o da vacina bivalente contra a COVID-19, em idosos acima\ndos 70 anos. A imuniza\u00e7\u00e3o da dose de refor\u00e7o vai acontecer das 08h \u00e0s 12h, em\ntodas as Unidades B\u00e1sicas de Sa\u00fade, com exce\u00e7\u00e3o das UBS&#8217;s (Bela Uni\u00e3o,\nManchinha, Sete de Setembro e Guia Lopes). \u00c9 necess\u00e1rio apresentar o CPF,\ncart\u00e3o SUS e a caderneta de vacina\u00e7\u00e3o. O atendimento ir\u00e1 ocorrer\nmediante a disponibilidade de doses.<\/p>\n\n\n\n<p>Para\nreceber a dose bivalente, os idosos que forem se vacinar, precisam ter o esquema\nm\u00ednimo completo, ou seja, j\u00e1 ter realizado primeira e segunda dose (D1 + D2). Foram\nrealizadas desde o in\u00edcio da pandemia, 169.090 vacinas. Do total, 65.550 foram\nde D1 (Primeira Dose), essa quantidade corresponde a 89% da popula\u00e7\u00e3o vacinada,\n60.894 de D2 (Segunda Dose) e 2.302 de D.U (Dose \u00fanica). Com isso, 63.196 pessoas\nest\u00e3o com a imuniza\u00e7\u00e3o completa, 85% dos santa-rosenses. S\u00e3o 31.084 aplica\u00e7\u00f5es\nde DR1 (Doses de Refor\u00e7o\/D3), ou seja, 49% das pessoas que j\u00e1 t\u00eam a segunda\ndose ou a dose \u00fanica realizaram o primeiro refor\u00e7o. Al\u00e9m disso, foram aplicadas\ntamb\u00e9m, 9.260 doses de Refor\u00e7o (D4\/DR2), ou doses adicionais.<\/p>\n","protected":false},"excerpt":{"rendered":"<p>A Funda\u00e7\u00e3o Municipal de Sa\u00fade de Santa Rosa vai realizar neste s\u00e1bado (04), um mutir\u00e3o&#8230;<\/p>\n","protected":false},"author":36,"featured_media":23295,"comment_status":"closed","ping_status":"closed","sticky":false,"template":"","format":"standard","meta":{"footnotes":""},"categories":[152,2],"tags":[],"_links":{"self":[{"href":"https:\/\/www.fumssar.com.br\/index.php?rest_route=\/wp\/v2\/posts\/23293"}],"collection":[{"href":"https:\/\/www.fumssar.com.br\/index.php?rest_route=\/wp\/v2\/posts"}],"about":[{"href":"https:\/\/www.fumssar.com.br\/index.php?rest_route=\/wp\/v2\/types\/post"}],"author":[{"embeddable":true,"href":"https:\/\/www.fumssar.com.br\/index.php?rest_route=\/wp\/v2\/users\/36"}],"replies":[{"embeddable":true,"href":"https:\/\/www.fumssar.com.br\/index.php?rest_route=%2Fwp%2Fv2%2Fcomments&post=23293"}],"version-history":[{"count":1,"href":"https:\/\/www.fumssar.com.br\/index.php?rest_route=\/wp\/v2\/posts\/23293\/revisions"}],"predecessor-version":[{"id":23296,"href":"https:\/\/www.fumssar.com.br\/index.php?rest_route=\/wp\/v2\/posts\/23293\/revisions\/23296"}],"wp:featuredmedia":[{"embeddable":true,"href":"https:\/\/www.fumssar.com.br\/index.php?rest_route=\/wp\/v2\/media\/23295"}],"wp:attachment":[{"href":"https:\/\/www.fumssar.com.br\/index.php?rest_route=%2Fwp%2Fv2%2Fmedia&parent=23293"}],"wp:term":[{"taxonomy":"category","embeddable":true,"href":"https:\/\/www.fumssar.com.br\/index.php?rest_route=%2Fwp%2Fv2%2Fcategories&post=23293"},{"taxonomy":"post_tag","embeddable":true,"href":"https:\/\/www.fumssar.com.br\/index.php?rest_route=%2Fwp%2Fv2%2Ftags&post=23293"}],"curies":[{"name":"wp","href":"https:\/\/api.w.org\/{rel}","templated":true}]}}