{"id":23280,"date":"2023-02-28T14:05:09","date_gmt":"2023-02-28T17:05:09","guid":{"rendered":"http:\/\/www.fumssar.com.br\/?p=23280"},"modified":"2024-10-07T16:32:47","modified_gmt":"2024-10-07T19:32:47","slug":"retrospectiva-unidades-basicas-de-saude-gloria","status":"publish","type":"post","link":"https:\/\/www.fumssar.com.br\/?p=23280","title":{"rendered":"Retrospectiva Unidades B\u00e1sicas de Sa\u00fade: Gl\u00f3ria"},"content":{"rendered":"\n<figure class=\"wp-block-image\"><img loading=\"lazy\" decoding=\"async\" width=\"1024\" height=\"768\" src=\"https:\/\/www.fumssar.com.br\/wp-content\/uploads\/2023\/02\/GL\u00d3RIA-1024x768.jpg\" alt=\"\" class=\"wp-image-23281\" srcset=\"https:\/\/www.fumssar.com.br\/wp-content\/uploads\/2023\/02\/GL\u00d3RIA-1024x768.jpg 1024w, https:\/\/www.fumssar.com.br\/wp-content\/uploads\/2023\/02\/GL\u00d3RIA-300x225.jpg 300w, https:\/\/www.fumssar.com.br\/wp-content\/uploads\/2023\/02\/GL\u00d3RIA-768x576.jpg 768w\" sizes=\"(max-width: 1024px) 100vw, 1024px\" \/><\/figure>\n\n\n\n<p>Nesta\nter\u00e7a-feira (28), o Governo Municipal apresenta a retrospectiva da Unidade\nB\u00e1sica de Sa\u00fade Gl\u00f3ria. Inaugurada em setembro de 2000, o servi\u00e7o faz parte da\nRede de Aten\u00e7\u00e3o B\u00e1sica do munic\u00edpio, composta por 18 UBS\u2019s que prestam o\natendimento de sa\u00fade pela FUMSSAR. A equipe que atua na unidade realizou em\n2022, mais de 35 mil atendimentos. Diversas atividades aconteceram durante o\nano, uma delas, foi o trabalho com grupos: de atividade f\u00edsica, sa\u00fade mental,\nsa\u00fade da mulher, sa\u00fade do homem e sa\u00fade do idoso. Al\u00e9m disso, tamb\u00e9m foram\nrealizadas palestras educativas e as a\u00e7\u00f5es do PSE \u2013 Programa Sa\u00fade na Escola.<\/p>\n\n\n\n<p>De\njaneiro a dezembro, foram atendidos 35.623 usu\u00e1rios pela equipe\nmultiprofissional da unidade, destes, 6.374 foram com o profissional m\u00e9dico, al\u00e9m\ndos demais atendimentos: de enfermagem, com psic\u00f3loga e fonoaudi\u00f3loga. A\nCoordenadora da UBS Gl\u00f3ria, Cristiane Preissler Roman, destacou o trabalho\nrealizado durante o ano, \u201cNosso objetivo \u00e9 construir junto com a comunidade, a\u00e7\u00f5es\nestrat\u00e9gicas para atender as necessidades da regi\u00e3o. Foi um ano de muitas\natividades e vamos continuar em constante evolu\u00e7\u00e3o, para garantir o atendimento\nintegral da popula\u00e7\u00e3o\u201d.<\/p>\n\n\n\n<p>A\nUBS Gl\u00f3ria \u00e9 respons\u00e1vel por prestar o atendimento de sa\u00fade para 4.638\npessoas.\nFazem parte da \u00e1rea de abrang\u00eancia da unidade, os moradores das\nseguintes localidades: Gl\u00f3ria, Alto da Gl\u00f3ria, Alian\u00e7a, Alto do Parque, Km 5 e\nLajeado Ip\u00ea. Para o ano de 2023, o objetivo \u00e9 fortalecer o trabalho\ndesenvolvido com os grupos de sa\u00fade e nas escolas, al\u00e9m de, realizar a\u00e7\u00f5es\npreventivas e iniciar os grupos para diab\u00e9ticos e gestantes.<\/p>\n","protected":false},"excerpt":{"rendered":"<p>Nesta ter\u00e7a-feira (28), o Governo Municipal apresenta a retrospectiva da Unidade B\u00e1sica de Sa\u00fade Gl\u00f3ria&#8230;.<\/p>\n","protected":false},"author":36,"featured_media":23281,"comment_status":"closed","ping_status":"closed","sticky":false,"template":"","format":"standard","meta":{"footnotes":""},"categories":[2],"tags":[],"_links":{"self":[{"href":"https:\/\/www.fumssar.com.br\/index.php?rest_route=\/wp\/v2\/posts\/23280"}],"collection":[{"href":"https:\/\/www.fumssar.com.br\/index.php?rest_route=\/wp\/v2\/posts"}],"about":[{"href":"https:\/\/www.fumssar.com.br\/index.php?rest_route=\/wp\/v2\/types\/post"}],"author":[{"embeddable":true,"href":"https:\/\/www.fumssar.com.br\/index.php?rest_route=\/wp\/v2\/users\/36"}],"replies":[{"embeddable":true,"href":"https:\/\/www.fumssar.com.br\/index.php?rest_route=%2Fwp%2Fv2%2Fcomments&post=23280"}],"version-history":[{"count":1,"href":"https:\/\/www.fumssar.com.br\/index.php?rest_route=\/wp\/v2\/posts\/23280\/revisions"}],"predecessor-version":[{"id":23282,"href":"https:\/\/www.fumssar.com.br\/index.php?rest_route=\/wp\/v2\/posts\/23280\/revisions\/23282"}],"wp:featuredmedia":[{"embeddable":true,"href":"https:\/\/www.fumssar.com.br\/index.php?rest_route=\/wp\/v2\/media\/23281"}],"wp:attachment":[{"href":"https:\/\/www.fumssar.com.br\/index.php?rest_route=%2Fwp%2Fv2%2Fmedia&parent=23280"}],"wp:term":[{"taxonomy":"category","embeddable":true,"href":"https:\/\/www.fumssar.com.br\/index.php?rest_route=%2Fwp%2Fv2%2Fcategories&post=23280"},{"taxonomy":"post_tag","embeddable":true,"href":"https:\/\/www.fumssar.com.br\/index.php?rest_route=%2Fwp%2Fv2%2Ftags&post=23280"}],"curies":[{"name":"wp","href":"https:\/\/api.w.org\/{rel}","templated":true}]}}