{"id":23275,"date":"2023-02-27T15:43:11","date_gmt":"2023-02-27T18:43:11","guid":{"rendered":"http:\/\/www.fumssar.com.br\/?p=23275"},"modified":"2024-10-07T16:32:47","modified_gmt":"2024-10-07T19:32:47","slug":"ii-forum-macrorregional-do-transtorno-do-espectro-autista","status":"publish","type":"post","link":"https:\/\/www.fumssar.com.br\/?p=23275","title":{"rendered":"II F\u00f3rum Macrorregional do Transtorno do Espectro Autista"},"content":{"rendered":"\n<figure class=\"wp-block-image\"><img loading=\"lazy\" decoding=\"async\" width=\"1024\" height=\"768\" src=\"http:\/\/www.fumssar.com.br\/wp-content\/uploads\/2023\/02\/WhatsApp-Image-2023-02-27-at-14.33.17-1024x768.jpeg\" alt=\"\" class=\"wp-image-23276\" srcset=\"https:\/\/www.fumssar.com.br\/wp-content\/uploads\/2023\/02\/WhatsApp-Image-2023-02-27-at-14.33.17-1024x768.jpeg 1024w, https:\/\/www.fumssar.com.br\/wp-content\/uploads\/2023\/02\/WhatsApp-Image-2023-02-27-at-14.33.17-300x225.jpeg 300w, https:\/\/www.fumssar.com.br\/wp-content\/uploads\/2023\/02\/WhatsApp-Image-2023-02-27-at-14.33.17-768x576.jpeg 768w, https:\/\/www.fumssar.com.br\/wp-content\/uploads\/2023\/02\/WhatsApp-Image-2023-02-27-at-14.33.17.jpeg 1600w\" sizes=\"(max-width: 1024px) 100vw, 1024px\" \/><\/figure>\n\n\n\n<p>A FUMSSAR em parceria com o CMR TEAcolhe Santa Rosa, realizou\nnesta segunda-feira (27), o II F\u00f3rum Macrorregional do Transtorno do Espectro\nAutista: Um olhar para a educa\u00e7\u00e3o. O evento aconteceu de forma online e foi\ntransmitido pelo canal da MacroTEA, na plataforma Youtube. O F\u00f3rum contou com a\nrepresenta\u00e7\u00e3o de 48 munic\u00edpios, inclusive com espectadores dos estados de S\u00e3o\nPaulo, Piau\u00ed e Minas Gerais. Tamb\u00e9m participaram do encontro, autoridades e\nprofissionais que atuam na \u00e1rea da educa\u00e7\u00e3o. At\u00e9 o momento, o conte\u00fado j\u00e1 teve mais\nde 720 visualiza\u00e7\u00f5es.<\/p>\n\n\n\n<p>O objetivo do F\u00f3rum foi trazer uma proposta voltada para a\neduca\u00e7\u00e3o, com conte\u00fados que trazem mais qualifica\u00e7\u00e3o para os profissionais\ndesta \u00e1rea. O presidente da FUMSSAR, D\u00e9lcio Stefan, destacou a import\u00e2ncia do\nevento, \u201cEstamos muito contentes com a realiza\u00e7\u00e3o de mais este f\u00f3rum, voltado\npara a educa\u00e7\u00e3o. Nosso objetivo \u00e9 seguir com este trabalho de qualifica\u00e7\u00e3o\ncont\u00ednua dos profissionais, para que possamos prestar um atendimento humanizado\ne cada vez melhor para os pacientes com autismo\u201d.<\/p>\n\n\n\n<p>Na oportunidade, foi abordado o tema: \u201cA inclus\u00e3o de crian\u00e7as com Transtorno do Espectro Autista (TEA) e as adapta\u00e7\u00f5es curriculares na escola\u201d, pela pedagoga, D\u00e9bora Jacks. A Macrorregi\u00e3o Missioneira, a qual Santa Rosa faz parte, possui hoje, 1.393 crian\u00e7as diagnosticadas com autismo e atendidas pelo SUS \u2013 Sistema \u00danico de Sa\u00fade.<\/p>\n\n\n\n<p><br> Para visualizar o conte\u00fado do II F\u00f3rum Macrorregional do Transtorno do Espectro Autista: Um olhar para a educa\u00e7\u00e3o, basta acessar o link abaixo, no canal da MacroTEA, na plataforma Youtube.<\/p>\n\n\n\n<p>&#8211; <a href=\"https:\/\/www.youtube.com\/watch?v=-HvDcPVKWqY\">https:\/\/www.youtube.com\/watch?v=-HvDcPVKWqY<\/a><\/p>\n\n\n\n<ul class=\"wp-block-gallery columns-2 is-cropped wp-block-gallery-1 is-layout-flex wp-block-gallery-is-layout-flex\"><li class=\"blocks-gallery-item\"><figure><img loading=\"lazy\" decoding=\"async\" width=\"1024\" height=\"768\" src=\"http:\/\/www.fumssar.com.br\/wp-content\/uploads\/2023\/02\/WhatsApp-Image-2023-02-27-at-14.34.17-1024x768.jpeg\" alt=\"\" data-id=\"23277\" data-link=\"http:\/\/www.fumssar.com.br\/?attachment_id=23277\" class=\"wp-image-23277\" srcset=\"https:\/\/www.fumssar.com.br\/wp-content\/uploads\/2023\/02\/WhatsApp-Image-2023-02-27-at-14.34.17-1024x768.jpeg 1024w, https:\/\/www.fumssar.com.br\/wp-content\/uploads\/2023\/02\/WhatsApp-Image-2023-02-27-at-14.34.17-300x225.jpeg 300w, https:\/\/www.fumssar.com.br\/wp-content\/uploads\/2023\/02\/WhatsApp-Image-2023-02-27-at-14.34.17-768x576.jpeg 768w, https:\/\/www.fumssar.com.br\/wp-content\/uploads\/2023\/02\/WhatsApp-Image-2023-02-27-at-14.34.17.jpeg 1600w\" sizes=\"(max-width: 1024px) 100vw, 1024px\" \/><\/figure><\/li><li class=\"blocks-gallery-item\"><figure><img loading=\"lazy\" decoding=\"async\" width=\"1024\" height=\"768\" src=\"http:\/\/www.fumssar.com.br\/wp-content\/uploads\/2023\/02\/WhatsApp-Image-2023-02-27-at-14.34.47-1024x768.jpeg\" alt=\"\" data-id=\"23278\" data-link=\"http:\/\/www.fumssar.com.br\/?attachment_id=23278\" class=\"wp-image-23278\" srcset=\"https:\/\/www.fumssar.com.br\/wp-content\/uploads\/2023\/02\/WhatsApp-Image-2023-02-27-at-14.34.47-1024x768.jpeg 1024w, https:\/\/www.fumssar.com.br\/wp-content\/uploads\/2023\/02\/WhatsApp-Image-2023-02-27-at-14.34.47-300x225.jpeg 300w, https:\/\/www.fumssar.com.br\/wp-content\/uploads\/2023\/02\/WhatsApp-Image-2023-02-27-at-14.34.47-768x576.jpeg 768w, https:\/\/www.fumssar.com.br\/wp-content\/uploads\/2023\/02\/WhatsApp-Image-2023-02-27-at-14.34.47.jpeg 1600w\" sizes=\"(max-width: 1024px) 100vw, 1024px\" \/><\/figure><\/li><\/ul>\n","protected":false},"excerpt":{"rendered":"<p>A FUMSSAR em parceria com o CMR TEAcolhe Santa Rosa, realizou nesta segunda-feira (27), o&#8230;<\/p>\n","protected":false},"author":36,"featured_media":23276,"comment_status":"closed","ping_status":"closed","sticky":false,"template":"","format":"standard","meta":{"footnotes":""},"categories":[2],"tags":[],"_links":{"self":[{"href":"https:\/\/www.fumssar.com.br\/index.php?rest_route=\/wp\/v2\/posts\/23275"}],"collection":[{"href":"https:\/\/www.fumssar.com.br\/index.php?rest_route=\/wp\/v2\/posts"}],"about":[{"href":"https:\/\/www.fumssar.com.br\/index.php?rest_route=\/wp\/v2\/types\/post"}],"author":[{"embeddable":true,"href":"https:\/\/www.fumssar.com.br\/index.php?rest_route=\/wp\/v2\/users\/36"}],"replies":[{"embeddable":true,"href":"https:\/\/www.fumssar.com.br\/index.php?rest_route=%2Fwp%2Fv2%2Fcomments&post=23275"}],"version-history":[{"count":1,"href":"https:\/\/www.fumssar.com.br\/index.php?rest_route=\/wp\/v2\/posts\/23275\/revisions"}],"predecessor-version":[{"id":23279,"href":"https:\/\/www.fumssar.com.br\/index.php?rest_route=\/wp\/v2\/posts\/23275\/revisions\/23279"}],"wp:featuredmedia":[{"embeddable":true,"href":"https:\/\/www.fumssar.com.br\/index.php?rest_route=\/wp\/v2\/media\/23276"}],"wp:attachment":[{"href":"https:\/\/www.fumssar.com.br\/index.php?rest_route=%2Fwp%2Fv2%2Fmedia&parent=23275"}],"wp:term":[{"taxonomy":"category","embeddable":true,"href":"https:\/\/www.fumssar.com.br\/index.php?rest_route=%2Fwp%2Fv2%2Fcategories&post=23275"},{"taxonomy":"post_tag","embeddable":true,"href":"https:\/\/www.fumssar.com.br\/index.php?rest_route=%2Fwp%2Fv2%2Ftags&post=23275"}],"curies":[{"name":"wp","href":"https:\/\/api.w.org\/{rel}","templated":true}]}}