{"id":23268,"date":"2023-02-24T15:55:33","date_gmt":"2023-02-24T18:55:33","guid":{"rendered":"http:\/\/www.fumssar.com.br\/?p=23268"},"modified":"2024-10-07T16:32:47","modified_gmt":"2024-10-07T19:32:47","slug":"ii-forum-macrorregional-do-transtorno-do-espectro-autista-acontece-nesta-segunda-feira","status":"publish","type":"post","link":"https:\/\/www.fumssar.com.br\/?p=23268","title":{"rendered":"II F\u00f3rum Macrorregional do Transtorno do Espectro Autista acontece nesta segunda-feira"},"content":{"rendered":"\n<figure class=\"wp-block-image\"><img loading=\"lazy\" decoding=\"async\" width=\"860\" height=\"645\" src=\"https:\/\/www.fumssar.com.br\/wp-content\/uploads\/2023\/02\/Formato-Site-e-Portal-860X645-JPG-54.jpg\" alt=\"\" class=\"wp-image-23269\" srcset=\"https:\/\/www.fumssar.com.br\/wp-content\/uploads\/2023\/02\/Formato-Site-e-Portal-860X645-JPG-54.jpg 860w, https:\/\/www.fumssar.com.br\/wp-content\/uploads\/2023\/02\/Formato-Site-e-Portal-860X645-JPG-54-300x225.jpg 300w, https:\/\/www.fumssar.com.br\/wp-content\/uploads\/2023\/02\/Formato-Site-e-Portal-860X645-JPG-54-768x576.jpg 768w\" sizes=\"(max-width: 860px) 100vw, 860px\" \/><\/figure>\n\n\n\n<p>A\nFunda\u00e7\u00e3o Municipal de Sa\u00fade de Santa Rosa, vai realizar na pr\u00f3xima segunda-feira\n(27), o II F\u00f3rum Macrorregional do Transtorno do Espectro Autista: Um olhar\npara a educa\u00e7\u00e3o. O evento vai acontecer de forma online, das 08h30min \u00e0s 11h30min\ne vai ser transmitido pelo canal da MacroTEA, na plataforma Youtube.<\/p>\n\n\n\n<p>Pelo\nsegundo ano consecutivo, o f\u00f3rum acontece com uma proposta voltada para a\neduca\u00e7\u00e3o e os profissionais que atuam nesta \u00e1rea. Segundo o presidente da FUMSSAR,\nD\u00e9lcio Stefan, \u201cO nosso objetivo \u00e9 seguir avan\u00e7ando e realizando eventos como\neste, que promovem a qualifica\u00e7\u00e3o dos profissionais que atendem pessoas com\nAutismo\u201d.<\/p>\n\n\n\n<p>Durante\no evento, ser\u00e1 abordado o tema: \u201cA inclus\u00e3o de crian\u00e7as com Transtorno do\nEspectro Autista (TEA) e as adapta\u00e7\u00f5es curriculares na escola\u201d, pela pedagoga,\nD\u00e9bora Jacks. Para participar do encontro, basta acessar o link abaixo, do\ncanal da MacroTEA, na plataforma Youtube.<\/p>\n\n\n\n<p>\u2013\n<a href=\"https:\/\/www.youtube.com\/watch?v=-HvDcPVKWqY\">https:\/\/www.youtube.com\/watch?v=-HvDcPVKWqY<\/a><\/p>\n\n\n\n<p>Os\ncertificados de participa\u00e7\u00e3o ser\u00e3o entregues mediante o preenchimento do formul\u00e1rio\nde inscri\u00e7\u00e3o, disponibilizado no link abaixo:<\/p>\n\n\n\n<p>\u2013\n<a href=\"https:\/\/forms.gle\/N1HonFcNvpdX8Bcn7\">https:\/\/forms.gle\/N1HonFcNvpdX8Bcn7<\/a><\/p>\n","protected":false},"excerpt":{"rendered":"<p>A Funda\u00e7\u00e3o Municipal de Sa\u00fade de Santa Rosa, vai realizar na pr\u00f3xima segunda-feira (27), o&#8230;<\/p>\n","protected":false},"author":36,"featured_media":23270,"comment_status":"closed","ping_status":"closed","sticky":false,"template":"","format":"standard","meta":{"footnotes":""},"categories":[2],"tags":[],"_links":{"self":[{"href":"https:\/\/www.fumssar.com.br\/index.php?rest_route=\/wp\/v2\/posts\/23268"}],"collection":[{"href":"https:\/\/www.fumssar.com.br\/index.php?rest_route=\/wp\/v2\/posts"}],"about":[{"href":"https:\/\/www.fumssar.com.br\/index.php?rest_route=\/wp\/v2\/types\/post"}],"author":[{"embeddable":true,"href":"https:\/\/www.fumssar.com.br\/index.php?rest_route=\/wp\/v2\/users\/36"}],"replies":[{"embeddable":true,"href":"https:\/\/www.fumssar.com.br\/index.php?rest_route=%2Fwp%2Fv2%2Fcomments&post=23268"}],"version-history":[{"count":1,"href":"https:\/\/www.fumssar.com.br\/index.php?rest_route=\/wp\/v2\/posts\/23268\/revisions"}],"predecessor-version":[{"id":23271,"href":"https:\/\/www.fumssar.com.br\/index.php?rest_route=\/wp\/v2\/posts\/23268\/revisions\/23271"}],"wp:featuredmedia":[{"embeddable":true,"href":"https:\/\/www.fumssar.com.br\/index.php?rest_route=\/wp\/v2\/media\/23270"}],"wp:attachment":[{"href":"https:\/\/www.fumssar.com.br\/index.php?rest_route=%2Fwp%2Fv2%2Fmedia&parent=23268"}],"wp:term":[{"taxonomy":"category","embeddable":true,"href":"https:\/\/www.fumssar.com.br\/index.php?rest_route=%2Fwp%2Fv2%2Fcategories&post=23268"},{"taxonomy":"post_tag","embeddable":true,"href":"https:\/\/www.fumssar.com.br\/index.php?rest_route=%2Fwp%2Fv2%2Ftags&post=23268"}],"curies":[{"name":"wp","href":"https:\/\/api.w.org\/{rel}","templated":true}]}}