{"id":23254,"date":"2023-02-23T08:17:27","date_gmt":"2023-02-23T11:17:27","guid":{"rendered":"http:\/\/www.fumssar.com.br\/?p=23254"},"modified":"2024-10-07T16:32:47","modified_gmt":"2024-10-07T19:32:47","slug":"retrospectiva-unidades-basicas-de-saude-pereira","status":"publish","type":"post","link":"https:\/\/www.fumssar.com.br\/?p=23254","title":{"rendered":"Retrospectiva Unidades B\u00e1sicas de Sa\u00fade: Pereira"},"content":{"rendered":"\n<figure class=\"wp-block-image\"><img loading=\"lazy\" decoding=\"async\" width=\"1024\" height=\"768\" src=\"https:\/\/www.fumssar.com.br\/wp-content\/uploads\/2023\/02\/UBS-PEREIRA-1024x768.jpg\" alt=\"\" class=\"wp-image-23255\" srcset=\"https:\/\/www.fumssar.com.br\/wp-content\/uploads\/2023\/02\/UBS-PEREIRA-1024x768.jpg 1024w, https:\/\/www.fumssar.com.br\/wp-content\/uploads\/2023\/02\/UBS-PEREIRA-300x225.jpg 300w, https:\/\/www.fumssar.com.br\/wp-content\/uploads\/2023\/02\/UBS-PEREIRA-768x576.jpg 768w\" sizes=\"(max-width: 1024px) 100vw, 1024px\" \/><\/figure>\n\n\n\n<p>Nesta quinta-feira\n(23), o Governo Municipal apresenta a retrospectiva da Unidade B\u00e1sica de Sa\u00fade\nda Pereira. Inaugurada em junho de 2002, o servi\u00e7o faz parte da Rede de Aten\u00e7\u00e3o\nB\u00e1sica do munic\u00edpio, composta por 18 UBS\u2019s que prestam o atendimento de sa\u00fade\npela FUMSSAR. A equipe multiprofissional que atua na Pereira, realizou em 2022,\nmais de 71 mil atendimentos. Um dos destaques do ano, foram as a\u00e7\u00f5es de\npromo\u00e7\u00e3o e preven\u00e7\u00e3o em sa\u00fade com a comunidade e escolas, as visitas\ndomiciliares realizadas e as atividades com os grupos de atividade f\u00edsica,\noficina terap\u00eautica, grupo com idosos e de auriculoterapia.<\/p>\n\n\n\n<p>Foram\nrealizados de janeiro a dezembro, 71.295 atendimentos (consultas,\nprocedimentos, vacinas, dispensa\u00e7\u00f5es de medica\u00e7\u00e3o, acolhimento). Destes, 7.726\nforam com o profissional m\u00e9dico e os demais servi\u00e7os: com dentista, nutricionista,\npsic\u00f3loga, fonoaudi\u00f3loga e educadora f\u00edsica. Foram aplicadas tamb\u00e9m, mais de quatro\nmil vacinas do Calend\u00e1rio Vacinal. A Coordenadora da UBS Pereira, Eliane Maciel\nKoling, destacou o trabalho realizado pela equipe, \u201cNossa equipe tem desenvolvido\num esfor\u00e7o coletivo com foco nos atendimentos de preven\u00e7\u00e3o e promo\u00e7\u00e3o \u00e0 sa\u00fade\nda popula\u00e7\u00e3o. Vamos seguir avan\u00e7ando, promovendo a\u00e7\u00f5es que melhorem a qualidade\nde vida dos usu\u00e1rios da nossa unidade\u201d.<\/p>\n\n\n\n<p>A UBS Pereira\n\u00e9 respons\u00e1vel por prestar o atendimento de sa\u00fade para 6.362 pessoas. Fazem\nparte da \u00e1rea de abrang\u00eancia da unidade, os moradores dos bairros: Esplanada,\nMorada do Sol, Vila Jardim, parte do centro de Cruzeiro, Vila Pereira, Vila\nProgresso, Loteamento Aqua, Loteamento Altamira 3, Caminho das \u00c1guas, Km3, Cresol\ne uma parte do Km5. Para 2023, o objetivo \u00e9 refor\u00e7ar as atividades em grupo, em\nespecial o atendimento para as gestantes.<\/p>\n","protected":false},"excerpt":{"rendered":"<p>Nesta quinta-feira (23), o Governo Municipal apresenta a retrospectiva da Unidade B\u00e1sica de Sa\u00fade da&#8230;<\/p>\n","protected":false},"author":36,"featured_media":23256,"comment_status":"closed","ping_status":"closed","sticky":false,"template":"","format":"standard","meta":{"footnotes":""},"categories":[2],"tags":[],"_links":{"self":[{"href":"https:\/\/www.fumssar.com.br\/index.php?rest_route=\/wp\/v2\/posts\/23254"}],"collection":[{"href":"https:\/\/www.fumssar.com.br\/index.php?rest_route=\/wp\/v2\/posts"}],"about":[{"href":"https:\/\/www.fumssar.com.br\/index.php?rest_route=\/wp\/v2\/types\/post"}],"author":[{"embeddable":true,"href":"https:\/\/www.fumssar.com.br\/index.php?rest_route=\/wp\/v2\/users\/36"}],"replies":[{"embeddable":true,"href":"https:\/\/www.fumssar.com.br\/index.php?rest_route=%2Fwp%2Fv2%2Fcomments&post=23254"}],"version-history":[{"count":1,"href":"https:\/\/www.fumssar.com.br\/index.php?rest_route=\/wp\/v2\/posts\/23254\/revisions"}],"predecessor-version":[{"id":23257,"href":"https:\/\/www.fumssar.com.br\/index.php?rest_route=\/wp\/v2\/posts\/23254\/revisions\/23257"}],"wp:featuredmedia":[{"embeddable":true,"href":"https:\/\/www.fumssar.com.br\/index.php?rest_route=\/wp\/v2\/media\/23256"}],"wp:attachment":[{"href":"https:\/\/www.fumssar.com.br\/index.php?rest_route=%2Fwp%2Fv2%2Fmedia&parent=23254"}],"wp:term":[{"taxonomy":"category","embeddable":true,"href":"https:\/\/www.fumssar.com.br\/index.php?rest_route=%2Fwp%2Fv2%2Fcategories&post=23254"},{"taxonomy":"post_tag","embeddable":true,"href":"https:\/\/www.fumssar.com.br\/index.php?rest_route=%2Fwp%2Fv2%2Ftags&post=23254"}],"curies":[{"name":"wp","href":"https:\/\/api.w.org\/{rel}","templated":true}]}}