{"id":23225,"date":"2023-02-16T16:04:01","date_gmt":"2023-02-16T19:04:01","guid":{"rendered":"http:\/\/www.fumssar.com.br\/?p=23225"},"modified":"2024-10-07T16:32:47","modified_gmt":"2024-10-07T19:32:47","slug":"fumssar-inicia-a-vacinacao-bivalente-contra-a-covid-19","status":"publish","type":"post","link":"https:\/\/www.fumssar.com.br\/?p=23225","title":{"rendered":"FUMSSAR inicia a vacina\u00e7\u00e3o bivalente contra a COVID-19"},"content":{"rendered":"\n<figure class=\"wp-block-image\"><img loading=\"lazy\" decoding=\"async\" width=\"860\" height=\"645\" src=\"https:\/\/www.fumssar.com.br\/wp-content\/uploads\/2023\/02\/Formato-Site-e-Portal-860X645-JPG-43.jpg\" alt=\"\" class=\"wp-image-23226\" srcset=\"https:\/\/www.fumssar.com.br\/wp-content\/uploads\/2023\/02\/Formato-Site-e-Portal-860X645-JPG-43.jpg 860w, https:\/\/www.fumssar.com.br\/wp-content\/uploads\/2023\/02\/Formato-Site-e-Portal-860X645-JPG-43-300x225.jpg 300w, https:\/\/www.fumssar.com.br\/wp-content\/uploads\/2023\/02\/Formato-Site-e-Portal-860X645-JPG-43-768x576.jpg 768w\" sizes=\"(max-width: 860px) 100vw, 860px\" \/><\/figure>\n\n\n\n<p>A Funda\u00e7\u00e3o Municipal de Sa\u00fade de Santa Rosa \u2013 FUMSSAR, inicia nesta quinta-feira (16), o processo de imuniza\u00e7\u00e3o contra COVID-19, com a vacina bivalente no munic\u00edpio. O imunizante bivalente da Pfizer foi desenvolvido para combater a cepa original da doen\u00e7a e tamb\u00e9m a variante \u00f4micron. A Funda\u00e7\u00e3o recebeu do Estado, 204 doses, destinadas exclusivamente para os residentes e trabalhadores de Institui\u00e7\u00f5es de Longa Perman\u00eancia de Idosos \u2013 ILPI, um dos grupos priorit\u00e1rios desta primeira fase. O p\u00fablico estimado neste grupo, \u00e9 de cerca de 300 pessoas em Santa Rosa.<\/p>\n\n\n\n<p>A bivalente come\u00e7ou a ser aplicada nesta tarde, para os residentes e trabalhadores da Associa\u00e7\u00e3o das Damas de Caridade. \u201cA COVID-19 \u00e9 uma doen\u00e7a viral e, portanto, sofre muta\u00e7\u00f5es. Automaticamente, a vacina tem que acompanhar esse processo para refor\u00e7ar a prote\u00e7\u00e3o da popula\u00e7\u00e3o. Inicialmente, conforme indica\u00e7\u00e3o do Minist\u00e9rio da Sa\u00fade, a vacina bivalente ser\u00e1 direcionada para as pessoas dos grupos priorit\u00e1rios. Por\u00e9m, mais para frente dever\u00e1 seguir um escalonamento e atingir mais pessoas, a exemplo dos profissionais de sa\u00fade\u201d, afirmou a Diretora da Aten\u00e7\u00e3o B\u00e1sica, Dra, Fabiana Breitenbach.<\/p>\n\n\n\n<p>Para os grupos priorit\u00e1rios com indica\u00e7\u00e3o de receber a dose bivalente, o crit\u00e9rio \u00e9 ter o esquema prim\u00e1rio completo (D1 e D2) do imunizante monovalente, obedecendo o intervalo m\u00ednimo de 4 meses da \u00faltima dose recebida (D2, refor\u00e7o ou 2\u00aa dose de refor\u00e7o). O atendimento dos demais p\u00fablicos definidos como priorit\u00e1rios pelo Minist\u00e9rio da Sa\u00fade (MS), ser\u00e1 realizado de forma sequencial, mediante recebimento de mais doses da vacina.<\/p>\n","protected":false},"excerpt":{"rendered":"<p>A Funda\u00e7\u00e3o Municipal de Sa\u00fade de Santa Rosa \u2013 FUMSSAR, inicia nesta quinta-feira (16), o&#8230;<\/p>\n","protected":false},"author":36,"featured_media":23227,"comment_status":"closed","ping_status":"closed","sticky":false,"template":"","format":"standard","meta":{"footnotes":""},"categories":[152,2],"tags":[],"_links":{"self":[{"href":"https:\/\/www.fumssar.com.br\/index.php?rest_route=\/wp\/v2\/posts\/23225"}],"collection":[{"href":"https:\/\/www.fumssar.com.br\/index.php?rest_route=\/wp\/v2\/posts"}],"about":[{"href":"https:\/\/www.fumssar.com.br\/index.php?rest_route=\/wp\/v2\/types\/post"}],"author":[{"embeddable":true,"href":"https:\/\/www.fumssar.com.br\/index.php?rest_route=\/wp\/v2\/users\/36"}],"replies":[{"embeddable":true,"href":"https:\/\/www.fumssar.com.br\/index.php?rest_route=%2Fwp%2Fv2%2Fcomments&post=23225"}],"version-history":[{"count":1,"href":"https:\/\/www.fumssar.com.br\/index.php?rest_route=\/wp\/v2\/posts\/23225\/revisions"}],"predecessor-version":[{"id":23228,"href":"https:\/\/www.fumssar.com.br\/index.php?rest_route=\/wp\/v2\/posts\/23225\/revisions\/23228"}],"wp:featuredmedia":[{"embeddable":true,"href":"https:\/\/www.fumssar.com.br\/index.php?rest_route=\/wp\/v2\/media\/23227"}],"wp:attachment":[{"href":"https:\/\/www.fumssar.com.br\/index.php?rest_route=%2Fwp%2Fv2%2Fmedia&parent=23225"}],"wp:term":[{"taxonomy":"category","embeddable":true,"href":"https:\/\/www.fumssar.com.br\/index.php?rest_route=%2Fwp%2Fv2%2Fcategories&post=23225"},{"taxonomy":"post_tag","embeddable":true,"href":"https:\/\/www.fumssar.com.br\/index.php?rest_route=%2Fwp%2Fv2%2Ftags&post=23225"}],"curies":[{"name":"wp","href":"https:\/\/api.w.org\/{rel}","templated":true}]}}