{"id":2322,"date":"2014-08-28T17:16:06","date_gmt":"2014-08-28T17:16:06","guid":{"rendered":"http:\/\/www.fumssar.com.br\/?p=2322"},"modified":"2024-10-07T16:36:17","modified_gmt":"2024-10-07T19:36:17","slug":"julio-de-oliveira-teve-dia-da-escola-na-unidade-de-saude","status":"publish","type":"post","link":"https:\/\/www.fumssar.com.br\/?p=2322","title":{"rendered":"J\u00falio de Oliveira teve Dia da Escola na Unidade de Sa\u00fade"},"content":{"rendered":"<p>A unidade de sa\u00fade da Vila J\u00falio de Oliveira teve um dia diferente na quarta-feira (27), durante todo o expediente os profissionais dedicaram-se ao acolhimento aos alunos da E.M. E.F. Pedro Speroni. Foram v\u00e1rias as atividades desenvolvidas com os alunos tais como: Conversas educativas feitas por psic\u00f3logo, nutricionista, terapeuta ocupacional, m\u00e9dico, dentista, fono\u00e1udiologa, agentes de sa\u00fade e enfermeiros. Os estudantes tamb\u00e9m receberam avalia\u00e7\u00f5es m\u00e9dicas conforme alguns casos indicados pela escola, com encaminhamentos para especialistas. Os agentes da dengue realizaram atividades educativas sobre os cuidados com a doen\u00e7a e a\u00a0 preven\u00e7\u00e3o, implantando um jardim\u00a0 decorativo feitos com pneus usados recolhidos na comunidade.<\/p>\n<p>A coordenadora da unidade Alice Noeli K. Hofferber explicou que a a\u00e7\u00e3o \u201cDia da Escola na Unidade\u201d, foi constru\u00edda em parceria com a dire\u00e7\u00e3o da escola, objetivando a orienta\u00e7\u00e3o dos alunos em quest\u00f5es de sa\u00fade, e tamb\u00e9m na constru\u00e7\u00e3o da pr\u00f3pria cidadania. Alice ressaltou ainda que al\u00e9m da conscientiza\u00e7\u00e3o os estudantes puderam conhecer o trabalho desenvolvido na unidade e o que a rede de aten\u00e7\u00e3o b\u00e1sica pode oferecer \u00e0 popula\u00e7\u00e3o. Para a diretora da escola, professora Maria Ereni Karnikowski, a atividade foi muito produtiva, pois ela percebeu o interesse e a participa\u00e7\u00e3o dos alunos que puderam conhecer muito sobre cuidados com a sa\u00fade individual e coletiva. A diretora destacou ainda que alguns pais tamb\u00e9m participaram do evento demonstrando a import\u00e2ncia do envolvimento da fam\u00edlia. O presidente da Funda\u00e7\u00e3o Municipal de Sa\u00fade,Dr. Lu\u00eds Ant\u00f4nio Benvegn\u00fa parabenizou a todos pela iniciativa, destacando que este trabalho insere-se no processo da sa\u00fade preventiva, uma vez que desde cedo \u00a0os jovens recebem conhecimentos de sa\u00fade que poder\u00e3o us\u00e1-los para sempre.<a href=\"http:\/\/www.fumssar.com.br\/wp-content\/uploads\/2014\/08\/julio-2.jpg\"><img loading=\"lazy\" decoding=\"async\" class=\"alignnone size-medium wp-image-2326\" alt=\"julio 2\" src=\"http:\/\/www.fumssar.com.br\/wp-content\/uploads\/2014\/08\/julio-2-300x225.jpg\" width=\"300\" height=\"225\" srcset=\"https:\/\/www.fumssar.com.br\/wp-content\/uploads\/2014\/08\/julio-2-300x225.jpg 300w, https:\/\/www.fumssar.com.br\/wp-content\/uploads\/2014\/08\/julio-2.jpg 640w\" sizes=\"(max-width: 300px) 100vw, 300px\" \/><\/a><a href=\"http:\/\/www.fumssar.com.br\/wp-content\/uploads\/2014\/08\/julio-32.jpg\"><img loading=\"lazy\" decoding=\"async\" class=\"alignnone size-medium wp-image-2327\" alt=\"julio 3\" src=\"http:\/\/www.fumssar.com.br\/wp-content\/uploads\/2014\/08\/julio-32-300x225.jpg\" width=\"300\" height=\"225\" srcset=\"https:\/\/www.fumssar.com.br\/wp-content\/uploads\/2014\/08\/julio-32-300x225.jpg 300w, https:\/\/www.fumssar.com.br\/wp-content\/uploads\/2014\/08\/julio-32.jpg 640w\" sizes=\"(max-width: 300px) 100vw, 300px\" \/><\/a><a href=\"http:\/\/www.fumssar.com.br\/wp-content\/uploads\/2014\/08\/Julio-de-oliveira.jpg\"><img loading=\"lazy\" decoding=\"async\" class=\"alignnone size-medium wp-image-2328\" alt=\"Julio de oliveira\" src=\"http:\/\/www.fumssar.com.br\/wp-content\/uploads\/2014\/08\/Julio-de-oliveira-300x225.jpg\" width=\"300\" height=\"225\" srcset=\"https:\/\/www.fumssar.com.br\/wp-content\/uploads\/2014\/08\/Julio-de-oliveira-300x225.jpg 300w, https:\/\/www.fumssar.com.br\/wp-content\/uploads\/2014\/08\/Julio-de-oliveira.jpg 640w\" sizes=\"(max-width: 300px) 100vw, 300px\" \/><\/a><a href=\"http:\/\/www.fumssar.com.br\/wp-content\/uploads\/2014\/08\/julio-5.jpg\"><img loading=\"lazy\" decoding=\"async\" class=\"alignnone size-medium wp-image-2329\" alt=\"julio 5\" src=\"http:\/\/www.fumssar.com.br\/wp-content\/uploads\/2014\/08\/julio-5-300x225.jpg\" width=\"300\" height=\"225\" srcset=\"https:\/\/www.fumssar.com.br\/wp-content\/uploads\/2014\/08\/julio-5-300x225.jpg 300w, https:\/\/www.fumssar.com.br\/wp-content\/uploads\/2014\/08\/julio-5.jpg 640w\" sizes=\"(max-width: 300px) 100vw, 300px\" \/><\/a><\/p>\n","protected":false},"excerpt":{"rendered":"<p>A unidade de sa\u00fade da Vila J\u00falio de Oliveira teve um dia diferente na quarta-feira&#8230;<\/p>\n","protected":false},"author":11,"featured_media":2325,"comment_status":"open","ping_status":"open","sticky":false,"template":"","format":"standard","meta":{"footnotes":""},"categories":[2],"tags":[],"_links":{"self":[{"href":"https:\/\/www.fumssar.com.br\/index.php?rest_route=\/wp\/v2\/posts\/2322"}],"collection":[{"href":"https:\/\/www.fumssar.com.br\/index.php?rest_route=\/wp\/v2\/posts"}],"about":[{"href":"https:\/\/www.fumssar.com.br\/index.php?rest_route=\/wp\/v2\/types\/post"}],"author":[{"embeddable":true,"href":"https:\/\/www.fumssar.com.br\/index.php?rest_route=\/wp\/v2\/users\/11"}],"replies":[{"embeddable":true,"href":"https:\/\/www.fumssar.com.br\/index.php?rest_route=%2Fwp%2Fv2%2Fcomments&post=2322"}],"version-history":[{"count":1,"href":"https:\/\/www.fumssar.com.br\/index.php?rest_route=\/wp\/v2\/posts\/2322\/revisions"}],"predecessor-version":[{"id":2330,"href":"https:\/\/www.fumssar.com.br\/index.php?rest_route=\/wp\/v2\/posts\/2322\/revisions\/2330"}],"wp:featuredmedia":[{"embeddable":true,"href":"https:\/\/www.fumssar.com.br\/index.php?rest_route=\/wp\/v2\/media\/2325"}],"wp:attachment":[{"href":"https:\/\/www.fumssar.com.br\/index.php?rest_route=%2Fwp%2Fv2%2Fmedia&parent=2322"}],"wp:term":[{"taxonomy":"category","embeddable":true,"href":"https:\/\/www.fumssar.com.br\/index.php?rest_route=%2Fwp%2Fv2%2Fcategories&post=2322"},{"taxonomy":"post_tag","embeddable":true,"href":"https:\/\/www.fumssar.com.br\/index.php?rest_route=%2Fwp%2Fv2%2Ftags&post=2322"}],"curies":[{"name":"wp","href":"https:\/\/api.w.org\/{rel}","templated":true}]}}