{"id":23172,"date":"2023-02-07T16:04:14","date_gmt":"2023-02-07T19:04:14","guid":{"rendered":"http:\/\/www.fumssar.com.br\/?p=23172"},"modified":"2024-10-07T16:32:48","modified_gmt":"2024-10-07T19:32:48","slug":"retrospectiva-unidades-basicas-de-saude-esperanca","status":"publish","type":"post","link":"https:\/\/www.fumssar.com.br\/?p=23172","title":{"rendered":"Retrospectiva Unidades B\u00e1sicas de Sa\u00fade: Esperan\u00e7a"},"content":{"rendered":"\n<figure class=\"wp-block-image\"><img loading=\"lazy\" decoding=\"async\" width=\"860\" height=\"645\" src=\"https:\/\/www.fumssar.com.br\/wp-content\/uploads\/2023\/02\/Formato-Site-e-Portal-860X645-JPG-25.jpg\" alt=\"\" class=\"wp-image-23173\" srcset=\"https:\/\/www.fumssar.com.br\/wp-content\/uploads\/2023\/02\/Formato-Site-e-Portal-860X645-JPG-25.jpg 860w, https:\/\/www.fumssar.com.br\/wp-content\/uploads\/2023\/02\/Formato-Site-e-Portal-860X645-JPG-25-300x225.jpg 300w, https:\/\/www.fumssar.com.br\/wp-content\/uploads\/2023\/02\/Formato-Site-e-Portal-860X645-JPG-25-768x576.jpg 768w\" sizes=\"(max-width: 860px) 100vw, 860px\" \/><\/figure>\n\n\n\n<p>Nesta&nbsp;ter\u00e7a-feira (07), o Governo Municipal apresenta a retrospectiva da Unidade B\u00e1sica de Sa\u00fade da Esperan\u00e7a. Inaugurada em janeiro de 1984, o servi\u00e7o faz parte da Rede de Aten\u00e7\u00e3o B\u00e1sica do munic\u00edpio, composta por 18 UBS\u2019s que prestam o atendimento de sa\u00fade pela FUMSSAR. A equipe da UBS Esperan\u00e7a realizou em 2022, mais de 65 mil procedimentos. Al\u00e9m disso, diversas a\u00e7\u00f5es aconteceram no decorrer do ano, como: palestras educativas em sa\u00fade, a\u00e7\u00f5es do PSE \u2013 Programa Sa\u00fade na Escola, grupo de atividades f\u00edsicas, grupo de tratamento antitabagismo, oficina terap\u00eautica com atividades manuais e eventos especiais em datas comemorativas.<\/p>\n\n\n\n<p>Um dos avan\u00e7os de 2022, foi o aumento da carga hor\u00e1ria de atendimento m\u00e9dico na UBS, que passou de 40 para 60 horas semanais. De janeiro a dezembro, foram realizados pela equipe multiprofissional 36.901 atendimentos e 65.005 procedimentos. Dos atendimentos prestados, 8.891 foram de enfermagem e 6.346 com o profissional m\u00e9dico, al\u00e9m dos demais atendimentos: odontol\u00f3gicos, com psic\u00f3loga, fonoaudi\u00f3loga, nutricionista e educadora f\u00edsica. Foram realizadas tamb\u00e9m, mais de 9.200 visitas pelos Agentes Comunit\u00e1rios de Sa\u00fade e aplicadas 3.346 vacinas do calend\u00e1rio vacinal. O Coordenador da UBS Esperan\u00e7a, Aurio Carvalho Spengler, destaca que apesar dos desafios, o ano que passou foi de muitas conquistas, \u201cEstamos conseguindo com o trabalho em equipe, realizar a\u00e7\u00f5es que promovam um cuidado integral da popula\u00e7\u00e3o. Nosso objetivo constante \u00e9 continuar oferecendo um atendimento humanizado e de qualidade para os usu\u00e1rios da nossa unidade\u201d.<\/p>\n\n\n\n<p>Em junho de 2013, a unidade que antes funcionava junto \u00e0 UCAM, passou para o local onde est\u00e1 at\u00e9&nbsp;hoje, no bairro S\u00e3o Francisco. De l\u00e1 para c\u00e1, houve um expressivo aumento populacional na \u00e1rea de abrang\u00eancia da UBS, isso devido a v\u00e1rios loteamentos localizados nesta regi\u00e3o. A equipe \u00e9 respons\u00e1vel pelo atendimento de 8.184 pessoas (3.777 homens e 4.407 mulheres). Fazem parte da \u00e1rea de abrang\u00eancia da unidade, os moradores dos seguintes locais: Centro (da Rua Santa Rosa, esquina com Av. Santa Cruz at\u00e9 o Sesc), Vila Kerber, Vila Esperan\u00e7a, Vila Winkelmann, Vila Ouro Verde, Bairro S\u00e3o Francisco e Loteamento Figueira, assim como, algumas comunidades do interior: Lajeado Figueira, Linha Faxinal e Lajeado Paulino. Al\u00e9m dos usu\u00e1rios residentes na \u00e1rea de abrang\u00eancia, a Unidade de Sa\u00fade da Esperan\u00e7a atende tamb\u00e9m, crian\u00e7as e adolescentes institucionalizadas na Apromes, usu\u00e1rios em internato na Avipae e o p\u00fablico acolhido no Albergue Municipal.<\/p>\n","protected":false},"excerpt":{"rendered":"<p>Nesta&nbsp;ter\u00e7a-feira (07), o Governo Municipal apresenta a retrospectiva da Unidade B\u00e1sica de Sa\u00fade da Esperan\u00e7a&#8230;.<\/p>\n","protected":false},"author":36,"featured_media":23174,"comment_status":"closed","ping_status":"closed","sticky":false,"template":"","format":"standard","meta":{"footnotes":""},"categories":[2],"tags":[],"_links":{"self":[{"href":"https:\/\/www.fumssar.com.br\/index.php?rest_route=\/wp\/v2\/posts\/23172"}],"collection":[{"href":"https:\/\/www.fumssar.com.br\/index.php?rest_route=\/wp\/v2\/posts"}],"about":[{"href":"https:\/\/www.fumssar.com.br\/index.php?rest_route=\/wp\/v2\/types\/post"}],"author":[{"embeddable":true,"href":"https:\/\/www.fumssar.com.br\/index.php?rest_route=\/wp\/v2\/users\/36"}],"replies":[{"embeddable":true,"href":"https:\/\/www.fumssar.com.br\/index.php?rest_route=%2Fwp%2Fv2%2Fcomments&post=23172"}],"version-history":[{"count":1,"href":"https:\/\/www.fumssar.com.br\/index.php?rest_route=\/wp\/v2\/posts\/23172\/revisions"}],"predecessor-version":[{"id":23175,"href":"https:\/\/www.fumssar.com.br\/index.php?rest_route=\/wp\/v2\/posts\/23172\/revisions\/23175"}],"wp:featuredmedia":[{"embeddable":true,"href":"https:\/\/www.fumssar.com.br\/index.php?rest_route=\/wp\/v2\/media\/23174"}],"wp:attachment":[{"href":"https:\/\/www.fumssar.com.br\/index.php?rest_route=%2Fwp%2Fv2%2Fmedia&parent=23172"}],"wp:term":[{"taxonomy":"category","embeddable":true,"href":"https:\/\/www.fumssar.com.br\/index.php?rest_route=%2Fwp%2Fv2%2Fcategories&post=23172"},{"taxonomy":"post_tag","embeddable":true,"href":"https:\/\/www.fumssar.com.br\/index.php?rest_route=%2Fwp%2Fv2%2Ftags&post=23172"}],"curies":[{"name":"wp","href":"https:\/\/api.w.org\/{rel}","templated":true}]}}