{"id":23151,"date":"2023-02-02T14:24:34","date_gmt":"2023-02-02T17:24:34","guid":{"rendered":"http:\/\/www.fumssar.com.br\/?p=23151"},"modified":"2024-10-07T16:32:48","modified_gmt":"2024-10-07T19:32:48","slug":"alteracao-da-vacinacao-contra-a-covid-19-a-partir-da-proxima-segunda-feira","status":"publish","type":"post","link":"https:\/\/www.fumssar.com.br\/?p=23151","title":{"rendered":"Altera\u00e7\u00e3o da vacina\u00e7\u00e3o contra a Covid-19 a partir da pr\u00f3xima segunda-feira"},"content":{"rendered":"\n<figure class=\"wp-block-image\"><img loading=\"lazy\" decoding=\"async\" width=\"860\" height=\"645\" src=\"https:\/\/www.fumssar.com.br\/wp-content\/uploads\/2023\/02\/Formato-Site-e-Portal-860X645-JPG-3.png\" alt=\"\" class=\"wp-image-23153\" srcset=\"https:\/\/www.fumssar.com.br\/wp-content\/uploads\/2023\/02\/Formato-Site-e-Portal-860X645-JPG-3.png 860w, https:\/\/www.fumssar.com.br\/wp-content\/uploads\/2023\/02\/Formato-Site-e-Portal-860X645-JPG-3-300x225.png 300w, https:\/\/www.fumssar.com.br\/wp-content\/uploads\/2023\/02\/Formato-Site-e-Portal-860X645-JPG-3-768x576.png 768w\" sizes=\"(max-width: 860px) 100vw, 860px\" \/><\/figure>\n\n\n\n<p>A Funda\u00e7\u00e3o Municipal de Sa\u00fade de Santa Rosa informa a popula\u00e7\u00e3o, algumas altera\u00e7\u00f5es na vacina\u00e7\u00e3o contra a COVID-19. A partir da pr\u00f3xima\u00a0segunda-feira (06), as doses para as crian\u00e7as a partir dos 6 meses, v\u00e3o acontecer somente na UBS do Centro. A partir de 12 anos, a aplica\u00e7\u00e3o vai ser realizada na UBS Cruzeiro.<br><\/p>\n\n\n\n<p>A imuniza\u00e7\u00e3o acontece todas as segundas-feiras, das 13h30min \u00e0s 17h. Para se vacinar, \u00e9 preciso levar documento com foto, CPF e a caderneta de vacina\u00e7\u00e3o.<\/p>\n\n\n\n<p><strong>&#8211; O atendimento vai acontecer mediante a capacidade di\u00e1ria m\u00e1xima de aplica\u00e7\u00e3o.<\/strong><\/p>\n\n\n\n<p>&#8211; Confira no site da FUMSSAR, os endere\u00e7os de cada UBS, as faixas et\u00e1rias e o intervalo entre as doses.<\/p>\n","protected":false},"excerpt":{"rendered":"<p>A Funda\u00e7\u00e3o Municipal de Sa\u00fade de Santa Rosa informa a popula\u00e7\u00e3o, algumas altera\u00e7\u00f5es na vacina\u00e7\u00e3o&#8230;<\/p>\n","protected":false},"author":36,"featured_media":23153,"comment_status":"open","ping_status":"open","sticky":false,"template":"","format":"standard","meta":{"footnotes":""},"categories":[2],"tags":[],"_links":{"self":[{"href":"https:\/\/www.fumssar.com.br\/index.php?rest_route=\/wp\/v2\/posts\/23151"}],"collection":[{"href":"https:\/\/www.fumssar.com.br\/index.php?rest_route=\/wp\/v2\/posts"}],"about":[{"href":"https:\/\/www.fumssar.com.br\/index.php?rest_route=\/wp\/v2\/types\/post"}],"author":[{"embeddable":true,"href":"https:\/\/www.fumssar.com.br\/index.php?rest_route=\/wp\/v2\/users\/36"}],"replies":[{"embeddable":true,"href":"https:\/\/www.fumssar.com.br\/index.php?rest_route=%2Fwp%2Fv2%2Fcomments&post=23151"}],"version-history":[{"count":1,"href":"https:\/\/www.fumssar.com.br\/index.php?rest_route=\/wp\/v2\/posts\/23151\/revisions"}],"predecessor-version":[{"id":23155,"href":"https:\/\/www.fumssar.com.br\/index.php?rest_route=\/wp\/v2\/posts\/23151\/revisions\/23155"}],"wp:featuredmedia":[{"embeddable":true,"href":"https:\/\/www.fumssar.com.br\/index.php?rest_route=\/wp\/v2\/media\/23153"}],"wp:attachment":[{"href":"https:\/\/www.fumssar.com.br\/index.php?rest_route=%2Fwp%2Fv2%2Fmedia&parent=23151"}],"wp:term":[{"taxonomy":"category","embeddable":true,"href":"https:\/\/www.fumssar.com.br\/index.php?rest_route=%2Fwp%2Fv2%2Fcategories&post=23151"},{"taxonomy":"post_tag","embeddable":true,"href":"https:\/\/www.fumssar.com.br\/index.php?rest_route=%2Fwp%2Fv2%2Ftags&post=23151"}],"curies":[{"name":"wp","href":"https:\/\/api.w.org\/{rel}","templated":true}]}}