{"id":23121,"date":"2023-01-27T17:18:42","date_gmt":"2023-01-27T20:18:42","guid":{"rendered":"http:\/\/www.fumssar.com.br\/?p=23121"},"modified":"2024-10-07T16:32:48","modified_gmt":"2024-10-07T19:32:48","slug":"fumssar-realiza-atividades-com-entidades-parceiras-para-marcar-o-janeiro-branco","status":"publish","type":"post","link":"https:\/\/www.fumssar.com.br\/?p=23121","title":{"rendered":"FUMSSAR realiza atividades com entidades parceiras para marcar o Janeiro Branco"},"content":{"rendered":"\n<p><\/p>\n\n\n\n<figure class=\"wp-block-image\"><img loading=\"lazy\" decoding=\"async\" width=\"860\" height=\"645\" src=\"https:\/\/www.fumssar.com.br\/wp-content\/uploads\/2023\/01\/Formato-Site-e-Portal-860X645-JPG-80.jpg\" alt=\"\" class=\"wp-image-23122\" srcset=\"https:\/\/www.fumssar.com.br\/wp-content\/uploads\/2023\/01\/Formato-Site-e-Portal-860X645-JPG-80.jpg 860w, https:\/\/www.fumssar.com.br\/wp-content\/uploads\/2023\/01\/Formato-Site-e-Portal-860X645-JPG-80-300x225.jpg 300w, https:\/\/www.fumssar.com.br\/wp-content\/uploads\/2023\/01\/Formato-Site-e-Portal-860X645-JPG-80-768x576.jpg 768w\" sizes=\"(max-width: 860px) 100vw, 860px\" \/><\/figure>\n\n\n\n<p>\n\n&nbsp;Janeiro, o primeiro m\u00eas do ano, inspira as pessoas a refletirem sobre suas vidas, suas escolhas e suas rela\u00e7\u00f5es. Tamb\u00e9m \u00e9 um per\u00edodo de reavaliar o passado e planejar o novo ano. Janeiro \u00e9 uma esp\u00e9cie de portal entre ciclos que se fecham e ciclos que se abrem nas vidas de todos n\u00f3s. O \u201cJaneiro Branco\u201d foi escolhido por, simbolicamente, representar \u201cfolhas ou telas em branco\u201d sobre as quais podemos projetar, escrever ou desenhar expectativas, desejos, hist\u00f3rias ou mudan\u00e7as com as quais sonhamos e as quais desejamos concretizar.&nbsp;<br>&nbsp;&nbsp;A escuta, o acolhimento e a disponibiliza\u00e7\u00e3o de um sistema de suporte s\u00e3o os primeiros passos para evitar que os problemas de sa\u00fade mental piorem. Em fun\u00e7\u00e3o disso, a FUMSSAR tem um sua Rede de Aten\u00e7\u00e3o Psicossocial equipes multiprofissionais capacitadas em diversos servi\u00e7os como CAPS II, CAPS AD, UBS, Residencial Terap\u00eautico, Comunidades Terap\u00eauticas, Hospital Vida e Sa\u00fade e Hospital Abosco, SAMU e UPA que prestam cuidado integral aos usu\u00e1rios. Todos esses servi\u00e7os que comp\u00f5e a RAPS no munic\u00edpio de Santa Rosa trabalham em conjunto para ampliar o cuidado ao usu\u00e1rio em sofrimento ps\u00edquico, bem como prestar cuidados e suporte aos seus familiares.&nbsp;<br>&nbsp;&nbsp;Segundo Fl\u00e1via Albuquerque, Psic\u00f3loga e Gerente da Rede de Aten\u00e7\u00e3o Psicossocial da FUMSSAR, os determinantes da sa\u00fade mental e transtornos mentais incluem n\u00e3o apenas atributos individuais, como a capacidade de administrar os pensamentos, as emo\u00e7\u00f5es, os comportamentos e as intera\u00e7\u00f5es com os outros, \u201c\u00c9 importante levar em considera\u00e7\u00e3o os fatores sociais, culturais, econ\u00f4micos, pol\u00edticos e ambientais, como as pol\u00edticas nacionais, a prote\u00e7\u00e3o social, padr\u00f5es de vida, as condi\u00e7\u00f5es de trabalho e o apoio comunit\u00e1rio. O acesso aos cuidados de sa\u00fade e aos servi\u00e7os sociais capazes de proporcionar tratamento e apoio social s\u00e3o fundamentais\u201d.&nbsp;<br>&nbsp;&nbsp;O Janeiro Branco \u00e9 um movimento social dedicado \u00e0 constru\u00e7\u00e3o de uma cultura da Sa\u00fade Mental na humanidade. \u00c9, tamb\u00e9m, o nome do Instituto que coordena esse movimento. Para o ano de 2023 o tema do janeiro Branco \u00e9 \u201cA vida pede equil\u00edbrio\u201d e diante de mudan\u00e7as cada vez mais desafiadoras e aceleradas que est\u00e3o exigindo atitudes diferentes e novos entendimentos. No m\u00eas&nbsp;de janeiro&nbsp;de 2023, foram realizadas diversas atividades e por isso a equipe da FUMSSAR agradece aos parceiros: Arena Pool Beach, Secretaria Municipal de Assist\u00eancia Social, Gurias do Pedal, APADA, SESC, Centro de Pr\u00e1ticas Integrativas e Complementares, CEREST Fronteira Noroeste, CER II, R\u00e1dio Noroeste, R\u00e1dio Mais FM, bem como, todos os servi\u00e7os da RAPS.\n\n<\/p>\n","protected":false},"excerpt":{"rendered":"<p>&nbsp;Janeiro, o primeiro m\u00eas do ano, inspira as pessoas a refletirem sobre suas vidas, suas&#8230;<\/p>\n","protected":false},"author":36,"featured_media":23123,"comment_status":"closed","ping_status":"closed","sticky":false,"template":"","format":"standard","meta":{"footnotes":""},"categories":[2],"tags":[],"_links":{"self":[{"href":"https:\/\/www.fumssar.com.br\/index.php?rest_route=\/wp\/v2\/posts\/23121"}],"collection":[{"href":"https:\/\/www.fumssar.com.br\/index.php?rest_route=\/wp\/v2\/posts"}],"about":[{"href":"https:\/\/www.fumssar.com.br\/index.php?rest_route=\/wp\/v2\/types\/post"}],"author":[{"embeddable":true,"href":"https:\/\/www.fumssar.com.br\/index.php?rest_route=\/wp\/v2\/users\/36"}],"replies":[{"embeddable":true,"href":"https:\/\/www.fumssar.com.br\/index.php?rest_route=%2Fwp%2Fv2%2Fcomments&post=23121"}],"version-history":[{"count":1,"href":"https:\/\/www.fumssar.com.br\/index.php?rest_route=\/wp\/v2\/posts\/23121\/revisions"}],"predecessor-version":[{"id":23124,"href":"https:\/\/www.fumssar.com.br\/index.php?rest_route=\/wp\/v2\/posts\/23121\/revisions\/23124"}],"wp:featuredmedia":[{"embeddable":true,"href":"https:\/\/www.fumssar.com.br\/index.php?rest_route=\/wp\/v2\/media\/23123"}],"wp:attachment":[{"href":"https:\/\/www.fumssar.com.br\/index.php?rest_route=%2Fwp%2Fv2%2Fmedia&parent=23121"}],"wp:term":[{"taxonomy":"category","embeddable":true,"href":"https:\/\/www.fumssar.com.br\/index.php?rest_route=%2Fwp%2Fv2%2Fcategories&post=23121"},{"taxonomy":"post_tag","embeddable":true,"href":"https:\/\/www.fumssar.com.br\/index.php?rest_route=%2Fwp%2Fv2%2Ftags&post=23121"}],"curies":[{"name":"wp","href":"https:\/\/api.w.org\/{rel}","templated":true}]}}