{"id":2308,"date":"2014-08-26T19:47:50","date_gmt":"2014-08-26T19:47:50","guid":{"rendered":"http:\/\/www.fumssar.com.br\/?p=2308"},"modified":"2024-10-07T16:36:17","modified_gmt":"2024-10-07T19:36:17","slug":"aprovado-credito-adicional-para-a-fumssar","status":"publish","type":"post","link":"https:\/\/www.fumssar.com.br\/?p=2308","title":{"rendered":"Aprovado Cr\u00e9dito Adicional para a FUMSSAR"},"content":{"rendered":"<p>A C\u00e2mara de Vereadores \u00a0aprovou na sess\u00e3o de segunda-feira (25) projeto de lei do executivo autorizando a abertura de cr\u00e9dito adicional especial no or\u00e7amento da Funda\u00e7\u00e3o Municipal de Sa\u00fade-FUMSSAR no valor de at\u00e9 R$ 4.103.830,00. S\u00e3o recursos que n\u00e3o est\u00e3o previstos no or\u00e7amento de 2014 e necessitam ser inclusos atrav\u00e9s da abertura do cr\u00e9dito. Esta a\u00e7\u00e3o vai permitir que a FUMSSAR invista em equipamentos, materiais de expediente aquisi\u00e7\u00e3o de ve\u00edculos e bens dur\u00e1veis. Tamb\u00e9m ser\u00e1 implantado o projeto de telediagn\u00f3stico em doen\u00e7as respirat\u00f3rias (Tele-Espirometria-Respiranet). A implanta\u00e7\u00e3o do CER-Centro de Especialidades Regional e investimentos em estrutura\u00e7\u00e3o de unidades de sa\u00fade tamb\u00e9m est\u00e3o previstas nesta aprova\u00e7\u00e3o, bem como recursos oriundos do Governo do Estado para a aquisi\u00e7\u00e3o de equipamentos de tomografia e endoscopia para o Hospital da ABOSCO, bem como recursos que ser\u00e3o utilizados para a implanta\u00e7\u00e3o e manuten\u00e7\u00e3o da UPA com recursos de esferas superiores de governo e locais. S\u00e3o diversas a\u00e7\u00f5es prevista nesta aprova\u00e7\u00e3o, inclusive com investimentos no HEMOCENTRO, conforme relatou na manh\u00e3 desta ter\u00e7a-feira (26) o Presidente da FUMSSAR, o Dr. Lu\u00eds Ant\u00f4nio Benvegn\u00fa, que disse que os Vereadores analisaram o projeto e tiveram a sensibilidade em aprovar, pois a mat\u00e9ria traz muitos benef\u00edcios \u00e0 comunidade.<\/p>\n","protected":false},"excerpt":{"rendered":"<p>A C\u00e2mara de Vereadores \u00a0aprovou na sess\u00e3o de segunda-feira (25) projeto de lei do executivo&#8230;<\/p>\n","protected":false},"author":11,"featured_media":2310,"comment_status":"open","ping_status":"open","sticky":false,"template":"","format":"standard","meta":{"footnotes":""},"categories":[2],"tags":[],"_links":{"self":[{"href":"https:\/\/www.fumssar.com.br\/index.php?rest_route=\/wp\/v2\/posts\/2308"}],"collection":[{"href":"https:\/\/www.fumssar.com.br\/index.php?rest_route=\/wp\/v2\/posts"}],"about":[{"href":"https:\/\/www.fumssar.com.br\/index.php?rest_route=\/wp\/v2\/types\/post"}],"author":[{"embeddable":true,"href":"https:\/\/www.fumssar.com.br\/index.php?rest_route=\/wp\/v2\/users\/11"}],"replies":[{"embeddable":true,"href":"https:\/\/www.fumssar.com.br\/index.php?rest_route=%2Fwp%2Fv2%2Fcomments&post=2308"}],"version-history":[{"count":1,"href":"https:\/\/www.fumssar.com.br\/index.php?rest_route=\/wp\/v2\/posts\/2308\/revisions"}],"predecessor-version":[{"id":2311,"href":"https:\/\/www.fumssar.com.br\/index.php?rest_route=\/wp\/v2\/posts\/2308\/revisions\/2311"}],"wp:featuredmedia":[{"embeddable":true,"href":"https:\/\/www.fumssar.com.br\/index.php?rest_route=\/wp\/v2\/media\/2310"}],"wp:attachment":[{"href":"https:\/\/www.fumssar.com.br\/index.php?rest_route=%2Fwp%2Fv2%2Fmedia&parent=2308"}],"wp:term":[{"taxonomy":"category","embeddable":true,"href":"https:\/\/www.fumssar.com.br\/index.php?rest_route=%2Fwp%2Fv2%2Fcategories&post=2308"},{"taxonomy":"post_tag","embeddable":true,"href":"https:\/\/www.fumssar.com.br\/index.php?rest_route=%2Fwp%2Fv2%2Ftags&post=2308"}],"curies":[{"name":"wp","href":"https:\/\/api.w.org\/{rel}","templated":true}]}}