{"id":23070,"date":"2023-01-20T15:44:54","date_gmt":"2023-01-20T18:44:54","guid":{"rendered":"http:\/\/www.fumssar.com.br\/?p=23070"},"modified":"2024-10-07T16:32:48","modified_gmt":"2024-10-07T19:32:48","slug":"programacao-do-janeiro-branco-encerra-nesta-sexta-feira","status":"publish","type":"post","link":"https:\/\/www.fumssar.com.br\/?p=23070","title":{"rendered":"Programa\u00e7\u00e3o do Janeiro Branco encerra nesta sexta-feira"},"content":{"rendered":"\n<figure class=\"wp-block-image\"><img loading=\"lazy\" decoding=\"async\" width=\"860\" height=\"645\" src=\"https:\/\/www.fumssar.com.br\/wp-content\/uploads\/2023\/01\/Formato-Site-e-Portal-860X645-JPG-16.jpg\" alt=\"\" class=\"wp-image-23071\" srcset=\"https:\/\/www.fumssar.com.br\/wp-content\/uploads\/2023\/01\/Formato-Site-e-Portal-860X645-JPG-16.jpg 860w, https:\/\/www.fumssar.com.br\/wp-content\/uploads\/2023\/01\/Formato-Site-e-Portal-860X645-JPG-16-300x225.jpg 300w, https:\/\/www.fumssar.com.br\/wp-content\/uploads\/2023\/01\/Formato-Site-e-Portal-860X645-JPG-16-768x576.jpg 768w\" sizes=\"(max-width: 860px) 100vw, 860px\" \/><\/figure>\n\n\n\n<p>A\nFUMSSAR realizou diversas atividades do Janeiro Branco em Santa Rosa. Durante\ntoda a semana, aconteceram no munic\u00edpio, a\u00e7\u00f5es voltadas para os cuidados com a\nsa\u00fade mental. Nesta sexta-feira (20), encerra a programa\u00e7\u00e3o com uma live informativa\nsobre o tema: \u201cJaneiro Branco: uma vida com equil\u00edbrio ou intensidade?\u201d. A transmiss\u00e3o\nvai ser realizada pelo canal do Youtube da Prefeitura de Santa Rosa. A psic\u00f3loga\nSamara Donatti ir\u00e1 conduzir a pauta.<\/p>\n\n\n\n<p>Na\ntarde desta quinta-feira (19), uma das atra\u00e7\u00f5es da programa\u00e7\u00e3o do Janeiro Branco,\nfoi a Pedalada pela Sa\u00fade Mental. A atividade reuniu mais de 90 pessoas, entre\nciclistas e apoiadores (popula\u00e7\u00e3o em geral, usu\u00e1rios e familiares), que seguiram\no percurso em carros. Participaram crian\u00e7as, jovens, adultos e idosos. A a\u00e7\u00e3o\nteve o apoio do grupo de ciclistas, \u201cGurias do Pedal\u201d e da Brigada Militar que\nfez a seguran\u00e7a do trajeto. O Presidente em Exerc\u00edcio da FUMSSAR, Rog\u00e9rio Silva\nSantos, tamb\u00e9m acompanhou a a\u00e7\u00e3o, \u201cFicamos muito contentes em fazer parte de\natividades em prol da sa\u00fade mental. Nosso objetivo \u00e9 continuar realizando\nencontros, que possibilitem a discuss\u00e3o do tema e promovam um cuidado integral\nda popula\u00e7\u00e3o\u201d.<\/p>\n\n\n\n<p>A\nprograma\u00e7\u00e3o do Janeiro Branco foi voltada principalmente, para as pessoas com\ntranstorno mental e\/ou sofrimento ps\u00edquico, que est\u00e3o em tratamento na rede\np\u00fablica de sa\u00fade do munic\u00edpio. Uma equipe multiprofissional da Funda\u00e7\u00e3o, com o\napoio de institui\u00e7\u00f5es do munic\u00edpio, desenvolveu atividades todos os dias, com\nos usu\u00e1rios e familiares. A Gerente da Rede de Aten\u00e7\u00e3o Psicossocial da FUMSSAR,\nFl\u00e1via Albuquerque, destaca o trabalho realizado durante a semana, \u201cIntensificamos\nas a\u00e7\u00f5es em janeiro, por se tratar da campanha Janeiro Branco. Por\u00e9m, os\ncuidados em sa\u00fade mental devem seguir todos os dias. Vamos continuar implementando\na\u00e7\u00f5es em conjunto com a Rede de Aten\u00e7\u00e3o Psicossocial \u2013 RAPS de Santa Rosa,\nbuscando compreender a realidade do paciente e construindo, a cada dia, um\natendimento mais humanizado\u201d. A transmiss\u00e3o da live, vai acontecer \u00e0s 17h, no Youtube.\nConfira abaixo o link de acesso:<\/p>\n\n\n\n<figure class=\"wp-block-embed-youtube wp-block-embed is-type-video is-provider-youtube wp-embed-aspect-16-9 wp-has-aspect-ratio\"><div class=\"wp-block-embed__wrapper\">\nhttps:\/\/youtu.be\/-WBBl4L1lcg\n<\/div><\/figure>\n","protected":false},"excerpt":{"rendered":"<p>A FUMSSAR realizou diversas atividades do Janeiro Branco em Santa Rosa. Durante toda a semana,&#8230;<\/p>\n","protected":false},"author":36,"featured_media":23072,"comment_status":"closed","ping_status":"closed","sticky":false,"template":"","format":"standard","meta":{"footnotes":""},"categories":[2],"tags":[],"_links":{"self":[{"href":"https:\/\/www.fumssar.com.br\/index.php?rest_route=\/wp\/v2\/posts\/23070"}],"collection":[{"href":"https:\/\/www.fumssar.com.br\/index.php?rest_route=\/wp\/v2\/posts"}],"about":[{"href":"https:\/\/www.fumssar.com.br\/index.php?rest_route=\/wp\/v2\/types\/post"}],"author":[{"embeddable":true,"href":"https:\/\/www.fumssar.com.br\/index.php?rest_route=\/wp\/v2\/users\/36"}],"replies":[{"embeddable":true,"href":"https:\/\/www.fumssar.com.br\/index.php?rest_route=%2Fwp%2Fv2%2Fcomments&post=23070"}],"version-history":[{"count":1,"href":"https:\/\/www.fumssar.com.br\/index.php?rest_route=\/wp\/v2\/posts\/23070\/revisions"}],"predecessor-version":[{"id":23073,"href":"https:\/\/www.fumssar.com.br\/index.php?rest_route=\/wp\/v2\/posts\/23070\/revisions\/23073"}],"wp:featuredmedia":[{"embeddable":true,"href":"https:\/\/www.fumssar.com.br\/index.php?rest_route=\/wp\/v2\/media\/23072"}],"wp:attachment":[{"href":"https:\/\/www.fumssar.com.br\/index.php?rest_route=%2Fwp%2Fv2%2Fmedia&parent=23070"}],"wp:term":[{"taxonomy":"category","embeddable":true,"href":"https:\/\/www.fumssar.com.br\/index.php?rest_route=%2Fwp%2Fv2%2Fcategories&post=23070"},{"taxonomy":"post_tag","embeddable":true,"href":"https:\/\/www.fumssar.com.br\/index.php?rest_route=%2Fwp%2Fv2%2Ftags&post=23070"}],"curies":[{"name":"wp","href":"https:\/\/api.w.org\/{rel}","templated":true}]}}