{"id":23063,"date":"2023-01-18T14:54:20","date_gmt":"2023-01-18T17:54:20","guid":{"rendered":"http:\/\/www.fumssar.com.br\/?p=23063"},"modified":"2024-10-07T16:32:48","modified_gmt":"2024-10-07T19:32:48","slug":"mais-de-30-mil-procedimentos-foram-realizados-pelo-cer-ii-no-ultimo-ano","status":"publish","type":"post","link":"https:\/\/www.fumssar.com.br\/?p=23063","title":{"rendered":"Mais de 30 mil procedimentos foram realizados pelo CER II no \u00faltimo ano"},"content":{"rendered":"\n<figure class=\"wp-block-image\"><img loading=\"lazy\" decoding=\"async\" width=\"1024\" height=\"768\" src=\"https:\/\/www.fumssar.com.br\/wp-content\/uploads\/2023\/01\/8e905c0a-587a-4d0d-b634-ee4389c156db-1024x768.jpg\" alt=\"\" class=\"wp-image-23064\" srcset=\"https:\/\/www.fumssar.com.br\/wp-content\/uploads\/2023\/01\/8e905c0a-587a-4d0d-b634-ee4389c156db-1024x768.jpg 1024w, https:\/\/www.fumssar.com.br\/wp-content\/uploads\/2023\/01\/8e905c0a-587a-4d0d-b634-ee4389c156db-300x225.jpg 300w, https:\/\/www.fumssar.com.br\/wp-content\/uploads\/2023\/01\/8e905c0a-587a-4d0d-b634-ee4389c156db-768x576.jpg 768w, https:\/\/www.fumssar.com.br\/wp-content\/uploads\/2023\/01\/8e905c0a-587a-4d0d-b634-ee4389c156db.jpg 1086w\" sizes=\"(max-width: 1024px) 100vw, 1024px\" \/><\/figure>\n\n\n\n<p>O Centro Especializado em Reabilita\u00e7\u00e3o Auditiva e Intelectual &#8211; CER II de Santa Rosa realizou mais de 30 mil procedimentos em 2022. O balan\u00e7o do ano foi divulgado pela FUMSSAR, institui\u00e7\u00e3o respons\u00e1vel pelo servi\u00e7o no munic\u00edpio. Durante todo o ano, a equipe realizou diversas a\u00e7\u00f5es de educa\u00e7\u00e3o em sa\u00fade, em datas comemorativas e de promo\u00e7\u00e3o do bem-estar dos pacientes e familiares atendidos pela unidade.<\/p>\n\n\n\n<p>Em 2022, a equipe multiprofissional que atua no CER II atendeu 2.643 pessoas, realizando 30.434 procedimentos, sendo: 12.414 na refer\u00eancia auditiva e 18.020 na refer\u00eancia intelectual.  Um dos destaques do ano que passou, foi o trabalho realizado com os pais dos pacientes. Foram realizados diversos trabalhos em grupos, como o Grupo de Pais de Autistas, organizado pelas psic\u00f3logas Melissa e Aline, que no turno da noite trabalharam diferentes tem\u00e1ticas com este p\u00fablico. A Coordenadora do CER II, Michelli Pes, destaca que o servi\u00e7o tem sido refer\u00eancia e gerado bons resultados, \u201cCom o esfor\u00e7o de todos os profissionais envolvidos no CER, conseguimos realizar um trabalho humanizado e de qualidade, sempre pensando em promover um cuidado integral do paciente e o bem-estar de seus familiares. Foi um ano de grandes conquistas e a nossa expectativa, \u00e9 que em 2023 novos avan\u00e7os sejam realizados\u201d.<\/p>\n\n\n\n<p>Foi iniciado tamb\u00e9m, o Grupo de Orienta\u00e7\u00e3o Parental, coordenado pelas fonoaudi\u00f3logas, Bianca e Michelli e os Terapeutas Ocupacionais, L\u00edgia e Douglas. O objetivo \u00e9 orientar os pais de crian\u00e7as que est\u00e3o na lista de espera do CER, ensinando est\u00edmulos para serem realizados em domic\u00edlio, at\u00e9 o momento do in\u00edcio das terapias. Outro grupo que gerou bons resultados, foi o Grupo de Desfralde. As orienta\u00e7\u00f5es e atividades desenvolvidas auxiliam os pais de crian\u00e7as que est\u00e3o neste processo. Em abril, foi organizada uma atividade especial em comemora\u00e7\u00e3o ao Dia do Autista. Os pacientes participaram de uma tarde ensolarada, com muita divers\u00e3o e brinquedos infl\u00e1veis. Durante o ano, foi tamb\u00e9m retomado o Grupo de Autonomia, um trabalho realizado com meninas adolescentes e diagnosticadas com defici\u00eancia intelectual e outro, com meninos na pr\u00e9-adolesc\u00eancia. <\/p>\n\n\n\n<p>Para 2023, diversas atividades j\u00e1 est\u00e3o programadas para acontecer em dias alusivos \u00e0 sa\u00fade auditiva e materno-infantil. O CER II \u00e9 um ponto de atendimento especializado em reabilita\u00e7\u00e3o auditiva e intelectual, que atua desde 2015 em Santa Rosa. O servi\u00e7o abrange seis munic\u00edpios na modalidade auditiva (mais de 94 mil habitantes). J\u00e1 na modalidade intelectual, o atendimento \u00e9 ofertado para cinco cidades da regi\u00e3o, compreendendo uma popula\u00e7\u00e3o de mais de 90 mil habitantes. Al\u00e9m disso, neste ano, a equipe pretende retomar o Grupo de Pais de Crian\u00e7as com Defici\u00eancia Auditiva, e implementar os Grupos de Interven\u00e7\u00e3o de Aprendizagem, Autonomia, Independ\u00eancia e Estimula\u00e7\u00e3o Precoce.<\/p>\n","protected":false},"excerpt":{"rendered":"<p>O Centro Especializado em Reabilita\u00e7\u00e3o Auditiva e Intelectual &#8211; CER II de Santa Rosa realizou&#8230;<\/p>\n","protected":false},"author":36,"featured_media":23064,"comment_status":"closed","ping_status":"closed","sticky":false,"template":"","format":"standard","meta":{"footnotes":""},"categories":[2],"tags":[],"_links":{"self":[{"href":"https:\/\/www.fumssar.com.br\/index.php?rest_route=\/wp\/v2\/posts\/23063"}],"collection":[{"href":"https:\/\/www.fumssar.com.br\/index.php?rest_route=\/wp\/v2\/posts"}],"about":[{"href":"https:\/\/www.fumssar.com.br\/index.php?rest_route=\/wp\/v2\/types\/post"}],"author":[{"embeddable":true,"href":"https:\/\/www.fumssar.com.br\/index.php?rest_route=\/wp\/v2\/users\/36"}],"replies":[{"embeddable":true,"href":"https:\/\/www.fumssar.com.br\/index.php?rest_route=%2Fwp%2Fv2%2Fcomments&post=23063"}],"version-history":[{"count":1,"href":"https:\/\/www.fumssar.com.br\/index.php?rest_route=\/wp\/v2\/posts\/23063\/revisions"}],"predecessor-version":[{"id":23065,"href":"https:\/\/www.fumssar.com.br\/index.php?rest_route=\/wp\/v2\/posts\/23063\/revisions\/23065"}],"wp:featuredmedia":[{"embeddable":true,"href":"https:\/\/www.fumssar.com.br\/index.php?rest_route=\/wp\/v2\/media\/23064"}],"wp:attachment":[{"href":"https:\/\/www.fumssar.com.br\/index.php?rest_route=%2Fwp%2Fv2%2Fmedia&parent=23063"}],"wp:term":[{"taxonomy":"category","embeddable":true,"href":"https:\/\/www.fumssar.com.br\/index.php?rest_route=%2Fwp%2Fv2%2Fcategories&post=23063"},{"taxonomy":"post_tag","embeddable":true,"href":"https:\/\/www.fumssar.com.br\/index.php?rest_route=%2Fwp%2Fv2%2Ftags&post=23063"}],"curies":[{"name":"wp","href":"https:\/\/api.w.org\/{rel}","templated":true}]}}