{"id":23058,"date":"2023-01-17T09:39:00","date_gmt":"2023-01-17T12:39:00","guid":{"rendered":"http:\/\/www.fumssar.com.br\/?p=23058"},"modified":"2024-10-07T16:32:48","modified_gmt":"2024-10-07T19:32:48","slug":"fumssar-promove-acoes-do-janeiro-branco","status":"publish","type":"post","link":"https:\/\/www.fumssar.com.br\/?p=23058","title":{"rendered":"FUMSSAR promove a\u00e7\u00f5es do Janeiro Branco"},"content":{"rendered":"\n<figure class=\"wp-block-image\"><img loading=\"lazy\" decoding=\"async\" width=\"860\" height=\"645\" src=\"https:\/\/www.fumssar.com.br\/wp-content\/uploads\/2023\/01\/Formato-Site-e-Portal-860X645-JPG-11.jpg\" alt=\"\" class=\"wp-image-23059\" srcset=\"https:\/\/www.fumssar.com.br\/wp-content\/uploads\/2023\/01\/Formato-Site-e-Portal-860X645-JPG-11.jpg 860w, https:\/\/www.fumssar.com.br\/wp-content\/uploads\/2023\/01\/Formato-Site-e-Portal-860X645-JPG-11-300x225.jpg 300w, https:\/\/www.fumssar.com.br\/wp-content\/uploads\/2023\/01\/Formato-Site-e-Portal-860X645-JPG-11-768x576.jpg 768w\" sizes=\"(max-width: 860px) 100vw, 860px\" \/><\/figure>\n\n\n\n<p>Janeiro \u00e9 o m\u00eas das revis\u00f5es pessoais e do replanejamento de vida. \u00c9 no come\u00e7o de cada ano novo que as pessoas se sentem inspiradas a refletir sobre o passado, o presente e o futuro. E \u00e9 neste per\u00edodo de reavalia\u00e7\u00e3o que, desde 2014, acontece a campanha \u201cJaneiro Branco\u201d, uma iniciativa social com o objetivo de chamar a aten\u00e7\u00e3o das pessoas, para a import\u00e2ncia dos cuidados com a sa\u00fade mental. Nesta segunda-feira (16), a FUMSSAR deu in\u00edcio \u00e0s atividades do Janeiro Branco em Santa Rosa. Durante toda a semana, diversas a\u00e7\u00f5es voltadas para os cuidados com a sa\u00fade mental, v\u00e3o acontecer no munic\u00edpio.<\/p>\n\n\n\n<p>De acordo com a Funda\u00e7\u00e3o Municipal de Sa\u00fade, o foco da campanha \u00e9 a preven\u00e7\u00e3o. \u201c\u00c9 preciso cada vez mais investir nas pol\u00edticas de sa\u00fade mental, fortalecer os servi\u00e7os em rede e criar um movimento que resulte na preven\u00e7\u00e3o das doen\u00e7as\u201d, adianta a Gerente da Rede de Aten\u00e7\u00e3o Psicossocial da FUMSSAR, Fl\u00e1via Albuquerque. Ela acentua que houve um aumento da demanda pelas especialidades de psicologia e psiquiatria no \u00e2mbito do SUS, gerando expressiva demanda di\u00e1ria para os servi\u00e7os que comp\u00f5e a Rede de Aten\u00e7\u00e3o Psicossocial \u2013 RAPS de Santa Rosa. Na \u00faltima semana, a FUMSSAR realizou a contrata\u00e7\u00e3o de dois novos psiquiatras para ampliar o atendimento no munic\u00edpio. <\/p>\n\n\n\n<p>A programa\u00e7\u00e3o do Janeiro Branco \u00e9 voltada principalmente, para as pessoas com transtorno mental e\/ou sofrimento ps\u00edquico, que est\u00e3o em tratamento na rede p\u00fablica de sa\u00fade do munic\u00edpio. Dentre as atividades propostas, est\u00e3o as pr\u00e1ticas esportivas, oficinas terap\u00eauticas e palestras informativas. Investir na qualidade de vida atrav\u00e9s do esporte; melhorar h\u00e1bitos alimentares; estar atento \u00e0 qualidade do sono; e at\u00e9 resgatar brincadeiras com as crian\u00e7as, s\u00e3o atividades que promovem o bem-estar e previnem as doen\u00e7as. Na quinta-feira (19), \u00e0s 19h15min, vai acontecer uma pedalada pela sa\u00fade mental. A a\u00e7\u00e3o \u00e9 aberta para toda a comunidade. A sa\u00edda vai acontecer em frente ao CAPS II (no bairro cruzeiro ao lado do antigo CSU), indo at\u00e9 o Tape Por\u00e3 (em frente ao Stok Center).<\/p>\n\n\n\n<figure class=\"wp-block-image\"><img loading=\"lazy\" decoding=\"async\" width=\"1024\" height=\"1024\" src=\"https:\/\/www.fumssar.com.br\/wp-content\/uploads\/2023\/01\/Post-para-Instagram-Sa\u00fade-Mental-Janeiro-Branco-Minimalista-1024x1024.png\" alt=\"\" class=\"wp-image-23060\" srcset=\"https:\/\/www.fumssar.com.br\/wp-content\/uploads\/2023\/01\/Post-para-Instagram-Sa\u00fade-Mental-Janeiro-Branco-Minimalista-1024x1024.png 1024w, https:\/\/www.fumssar.com.br\/wp-content\/uploads\/2023\/01\/Post-para-Instagram-Sa\u00fade-Mental-Janeiro-Branco-Minimalista-150x150.png 150w, https:\/\/www.fumssar.com.br\/wp-content\/uploads\/2023\/01\/Post-para-Instagram-Sa\u00fade-Mental-Janeiro-Branco-Minimalista-300x300.png 300w, https:\/\/www.fumssar.com.br\/wp-content\/uploads\/2023\/01\/Post-para-Instagram-Sa\u00fade-Mental-Janeiro-Branco-Minimalista-768x768.png 768w, https:\/\/www.fumssar.com.br\/wp-content\/uploads\/2023\/01\/Post-para-Instagram-Sa\u00fade-Mental-Janeiro-Branco-Minimalista.png 1080w\" sizes=\"(max-width: 1024px) 100vw, 1024px\" \/><\/figure>\n","protected":false},"excerpt":{"rendered":"<p>Janeiro \u00e9 o m\u00eas das revis\u00f5es pessoais e do replanejamento de vida. \u00c9 no come\u00e7o&#8230;<\/p>\n","protected":false},"author":36,"featured_media":23061,"comment_status":"closed","ping_status":"closed","sticky":false,"template":"","format":"standard","meta":{"footnotes":""},"categories":[2],"tags":[],"_links":{"self":[{"href":"https:\/\/www.fumssar.com.br\/index.php?rest_route=\/wp\/v2\/posts\/23058"}],"collection":[{"href":"https:\/\/www.fumssar.com.br\/index.php?rest_route=\/wp\/v2\/posts"}],"about":[{"href":"https:\/\/www.fumssar.com.br\/index.php?rest_route=\/wp\/v2\/types\/post"}],"author":[{"embeddable":true,"href":"https:\/\/www.fumssar.com.br\/index.php?rest_route=\/wp\/v2\/users\/36"}],"replies":[{"embeddable":true,"href":"https:\/\/www.fumssar.com.br\/index.php?rest_route=%2Fwp%2Fv2%2Fcomments&post=23058"}],"version-history":[{"count":1,"href":"https:\/\/www.fumssar.com.br\/index.php?rest_route=\/wp\/v2\/posts\/23058\/revisions"}],"predecessor-version":[{"id":23062,"href":"https:\/\/www.fumssar.com.br\/index.php?rest_route=\/wp\/v2\/posts\/23058\/revisions\/23062"}],"wp:featuredmedia":[{"embeddable":true,"href":"https:\/\/www.fumssar.com.br\/index.php?rest_route=\/wp\/v2\/media\/23061"}],"wp:attachment":[{"href":"https:\/\/www.fumssar.com.br\/index.php?rest_route=%2Fwp%2Fv2%2Fmedia&parent=23058"}],"wp:term":[{"taxonomy":"category","embeddable":true,"href":"https:\/\/www.fumssar.com.br\/index.php?rest_route=%2Fwp%2Fv2%2Fcategories&post=23058"},{"taxonomy":"post_tag","embeddable":true,"href":"https:\/\/www.fumssar.com.br\/index.php?rest_route=%2Fwp%2Fv2%2Ftags&post=23058"}],"curies":[{"name":"wp","href":"https:\/\/api.w.org\/{rel}","templated":true}]}}