{"id":23055,"date":"2023-01-16T14:32:34","date_gmt":"2023-01-16T17:32:34","guid":{"rendered":"http:\/\/www.fumssar.com.br\/?p=23055"},"modified":"2024-10-07T16:32:48","modified_gmt":"2024-10-07T19:32:48","slug":"profissionais-se-reunem-na-fumssar-para-planejar-acoes-dos-servicos-de-saude-mental-do-municipio","status":"publish","type":"post","link":"https:\/\/www.fumssar.com.br\/?p=23055","title":{"rendered":"Profissionais se re\u00fanem na FUMSSAR para planejar a\u00e7\u00f5es dos servi\u00e7os de sa\u00fade mental do munic\u00edpio"},"content":{"rendered":"\n<figure class=\"wp-block-image\"><img loading=\"lazy\" decoding=\"async\" width=\"860\" height=\"645\" src=\"https:\/\/www.fumssar.com.br\/wp-content\/uploads\/2023\/01\/Formato-Site-e-Portal-860X645-JPG-10.jpg\" alt=\"\" class=\"wp-image-23056\" srcset=\"https:\/\/www.fumssar.com.br\/wp-content\/uploads\/2023\/01\/Formato-Site-e-Portal-860X645-JPG-10.jpg 860w, https:\/\/www.fumssar.com.br\/wp-content\/uploads\/2023\/01\/Formato-Site-e-Portal-860X645-JPG-10-300x225.jpg 300w, https:\/\/www.fumssar.com.br\/wp-content\/uploads\/2023\/01\/Formato-Site-e-Portal-860X645-JPG-10-768x576.jpg 768w\" sizes=\"(max-width: 860px) 100vw, 860px\" \/><\/figure>\n\n\n\n<p>Avalia\u00e7\u00e3o e proje\u00e7\u00f5es para os servi\u00e7os da Rede de Aten\u00e7\u00e3o Psicossocial \u2013 RAPS de Santa Rosa. Na \u00faltima semana, representantes dos servi\u00e7os que fazem parte da RAPS, estiveram reunidos na FUMSSAR, para realizar o planejamento das a\u00e7\u00f5es do ano de 2023. O objetivo foi ampliar o cuidado em sa\u00fade mental e planejar as atividades em rede, incluindo: sa\u00fade, educa\u00e7\u00e3o e assist\u00eancia social.<\/p>\n\n\n\n<p>Na oportunidade, os profissionais em conjunto, planejaram as a\u00e7\u00f5es que v\u00e3o ser implementadas ao longo do ano, com foco na qualidade dos servi\u00e7os aos usu\u00e1rios. A Gerente da Rede de Aten\u00e7\u00e3o Psicossocial da FUMSSAR, Fl\u00e1via Albuquerque, destaca que a ideia \u00e9 olhar para o servi\u00e7o como um todo, \u201cEstamos desenvolvendo um trabalho em conjunto com todos os servi\u00e7os que prestam atendimento de sa\u00fade mental, buscando compreender a realidade do paciente e desenvolvendo a\u00e7\u00f5es que promovam o cuidado integral. Nosso trabalho \u00e9 fortalecer a Rede de Aten\u00e7\u00e3o Psicossocial do munic\u00edpio e construir, a cada dia, um atendimento humanizado, al\u00e9m de promover a qualifica\u00e7\u00e3o t\u00e9cnica cont\u00ednua para os profissionais que atuam nessa \u00e1rea\u201d.<\/p>\n\n\n\n<p>Estiveram presentes na reuni\u00e3o: representantes do DGAPS, CER II, CAPS II e CAPS AD da FUMSSAR, AVIPAE, CRENOVI, Residencial Terap\u00eautico, Hospital Vida &amp; Sa\u00fade, Hospital Abosco, o presidente da Funda\u00e7\u00e3o, D\u00e9lcio Stefan, a psic\u00f3loga La\u00edsa da 14\u00ba CRS e as secret\u00e1rias: Lires Zimmermann e Rita Strasser das pastas Educa\u00e7\u00e3o e Assist\u00eancia Social, que atuam em conjunto com a FUMSSAR, no servi\u00e7o de Aten\u00e7\u00e3o em Sa\u00fade Mental de Santa Rosa.<\/p>\n","protected":false},"excerpt":{"rendered":"<p>Avalia\u00e7\u00e3o e proje\u00e7\u00f5es para os servi\u00e7os da Rede de Aten\u00e7\u00e3o Psicossocial \u2013 RAPS de Santa&#8230;<\/p>\n","protected":false},"author":36,"featured_media":23056,"comment_status":"closed","ping_status":"closed","sticky":false,"template":"","format":"standard","meta":{"footnotes":""},"categories":[2],"tags":[],"_links":{"self":[{"href":"https:\/\/www.fumssar.com.br\/index.php?rest_route=\/wp\/v2\/posts\/23055"}],"collection":[{"href":"https:\/\/www.fumssar.com.br\/index.php?rest_route=\/wp\/v2\/posts"}],"about":[{"href":"https:\/\/www.fumssar.com.br\/index.php?rest_route=\/wp\/v2\/types\/post"}],"author":[{"embeddable":true,"href":"https:\/\/www.fumssar.com.br\/index.php?rest_route=\/wp\/v2\/users\/36"}],"replies":[{"embeddable":true,"href":"https:\/\/www.fumssar.com.br\/index.php?rest_route=%2Fwp%2Fv2%2Fcomments&post=23055"}],"version-history":[{"count":1,"href":"https:\/\/www.fumssar.com.br\/index.php?rest_route=\/wp\/v2\/posts\/23055\/revisions"}],"predecessor-version":[{"id":23057,"href":"https:\/\/www.fumssar.com.br\/index.php?rest_route=\/wp\/v2\/posts\/23055\/revisions\/23057"}],"wp:featuredmedia":[{"embeddable":true,"href":"https:\/\/www.fumssar.com.br\/index.php?rest_route=\/wp\/v2\/media\/23056"}],"wp:attachment":[{"href":"https:\/\/www.fumssar.com.br\/index.php?rest_route=%2Fwp%2Fv2%2Fmedia&parent=23055"}],"wp:term":[{"taxonomy":"category","embeddable":true,"href":"https:\/\/www.fumssar.com.br\/index.php?rest_route=%2Fwp%2Fv2%2Fcategories&post=23055"},{"taxonomy":"post_tag","embeddable":true,"href":"https:\/\/www.fumssar.com.br\/index.php?rest_route=%2Fwp%2Fv2%2Ftags&post=23055"}],"curies":[{"name":"wp","href":"https:\/\/api.w.org\/{rel}","templated":true}]}}