{"id":23048,"date":"2023-01-13T18:03:03","date_gmt":"2023-01-13T21:03:03","guid":{"rendered":"http:\/\/www.fumssar.com.br\/?p=23048"},"modified":"2024-10-07T16:32:48","modified_gmt":"2024-10-07T19:32:48","slug":"vacinacao-covid-19","status":"publish","type":"post","link":"https:\/\/www.fumssar.com.br\/?p=23048","title":{"rendered":"Vacina\u00e7\u00e3o COVID-19"},"content":{"rendered":"\n<figure class=\"wp-block-image\"><img loading=\"lazy\" decoding=\"async\" width=\"860\" height=\"645\" src=\"http:\/\/www.fumssar.com.br\/wp-content\/uploads\/2023\/01\/WhatsApp-Image-2023-01-13-at-17.30.19.jpeg\" alt=\"\" class=\"wp-image-23049\" srcset=\"https:\/\/www.fumssar.com.br\/wp-content\/uploads\/2023\/01\/WhatsApp-Image-2023-01-13-at-17.30.19.jpeg 860w, https:\/\/www.fumssar.com.br\/wp-content\/uploads\/2023\/01\/WhatsApp-Image-2023-01-13-at-17.30.19-300x225.jpeg 300w, https:\/\/www.fumssar.com.br\/wp-content\/uploads\/2023\/01\/WhatsApp-Image-2023-01-13-at-17.30.19-768x576.jpeg 768w\" sizes=\"(max-width: 860px) 100vw, 860px\" \/><\/figure>\n\n\n\n<p> A Funda\u00e7\u00e3o Municipal de Sa\u00fade de Santa Rosa informa a popula\u00e7\u00e3o, algumas altera\u00e7\u00f5es na vacina\u00e7\u00e3o contra a COVID-19. A partir de\u00a0segunda-feira (16), as doses para crian\u00e7as a partir de 6 meses at\u00e9 11 anos completos, vai acontecer somente na UBS do Centro. Para as pessoas a partir de 12 anos, a aplica\u00e7\u00e3o segue sendo realizada nas seguintes Unidades B\u00e1sicas de Sa\u00fade: Agr\u00edcola, Balne\u00e1ria, Centro, Cruzeiro e J\u00falio de Oliveira.<\/p>\n\n\n\n<p><br>A imuniza\u00e7\u00e3o acontece todas as segundas-feiras, das 13h30min \u00e0s 17h. Para se vacinar, \u00e9 preciso levar documento com foto, CPF e a caderneta de vacina\u00e7\u00e3o. <\/p>\n\n\n\n<p><strong>O atendimento ir\u00e1 ocorrer mediante a capacidade di\u00e1ria m\u00e1xima de aplica\u00e7\u00e3o. <\/strong><\/p>\n\n\n\n<p>Confira no site da FUMSSAR, os endere\u00e7os de cada UBS, as faixas et\u00e1rias e o intervalo entre as doses. <\/p>\n","protected":false},"excerpt":{"rendered":"<p>A Funda\u00e7\u00e3o Municipal de Sa\u00fade de Santa Rosa informa a popula\u00e7\u00e3o, algumas altera\u00e7\u00f5es na vacina\u00e7\u00e3o&#8230;<\/p>\n","protected":false},"author":36,"featured_media":23049,"comment_status":"closed","ping_status":"closed","sticky":false,"template":"","format":"standard","meta":{"footnotes":""},"categories":[152,2],"tags":[],"_links":{"self":[{"href":"https:\/\/www.fumssar.com.br\/index.php?rest_route=\/wp\/v2\/posts\/23048"}],"collection":[{"href":"https:\/\/www.fumssar.com.br\/index.php?rest_route=\/wp\/v2\/posts"}],"about":[{"href":"https:\/\/www.fumssar.com.br\/index.php?rest_route=\/wp\/v2\/types\/post"}],"author":[{"embeddable":true,"href":"https:\/\/www.fumssar.com.br\/index.php?rest_route=\/wp\/v2\/users\/36"}],"replies":[{"embeddable":true,"href":"https:\/\/www.fumssar.com.br\/index.php?rest_route=%2Fwp%2Fv2%2Fcomments&post=23048"}],"version-history":[{"count":1,"href":"https:\/\/www.fumssar.com.br\/index.php?rest_route=\/wp\/v2\/posts\/23048\/revisions"}],"predecessor-version":[{"id":23050,"href":"https:\/\/www.fumssar.com.br\/index.php?rest_route=\/wp\/v2\/posts\/23048\/revisions\/23050"}],"wp:featuredmedia":[{"embeddable":true,"href":"https:\/\/www.fumssar.com.br\/index.php?rest_route=\/wp\/v2\/media\/23049"}],"wp:attachment":[{"href":"https:\/\/www.fumssar.com.br\/index.php?rest_route=%2Fwp%2Fv2%2Fmedia&parent=23048"}],"wp:term":[{"taxonomy":"category","embeddable":true,"href":"https:\/\/www.fumssar.com.br\/index.php?rest_route=%2Fwp%2Fv2%2Fcategories&post=23048"},{"taxonomy":"post_tag","embeddable":true,"href":"https:\/\/www.fumssar.com.br\/index.php?rest_route=%2Fwp%2Fv2%2Ftags&post=23048"}],"curies":[{"name":"wp","href":"https:\/\/api.w.org\/{rel}","templated":true}]}}