{"id":23044,"date":"2023-01-12T17:36:07","date_gmt":"2023-01-12T20:36:07","guid":{"rendered":"http:\/\/www.fumssar.com.br\/?p=23044"},"modified":"2024-10-07T16:32:48","modified_gmt":"2024-10-07T19:32:48","slug":"retrospectiva-unidades-basicas-de-saude-sulina","status":"publish","type":"post","link":"https:\/\/www.fumssar.com.br\/?p=23044","title":{"rendered":"Retrospectiva Unidades B\u00e1sicas de Sa\u00fade: Sulina"},"content":{"rendered":"\n<figure class=\"wp-block-image\"><img loading=\"lazy\" decoding=\"async\" width=\"1024\" height=\"768\" src=\"http:\/\/www.fumssar.com.br\/wp-content\/uploads\/2023\/01\/WhatsApp-Image-2023-01-12-at-16.08.37-1024x768.jpeg\" alt=\"\" class=\"wp-image-23045\" srcset=\"https:\/\/www.fumssar.com.br\/wp-content\/uploads\/2023\/01\/WhatsApp-Image-2023-01-12-at-16.08.37-1024x768.jpeg 1024w, https:\/\/www.fumssar.com.br\/wp-content\/uploads\/2023\/01\/WhatsApp-Image-2023-01-12-at-16.08.37-300x225.jpeg 300w, https:\/\/www.fumssar.com.br\/wp-content\/uploads\/2023\/01\/WhatsApp-Image-2023-01-12-at-16.08.37-768x576.jpeg 768w, https:\/\/www.fumssar.com.br\/wp-content\/uploads\/2023\/01\/WhatsApp-Image-2023-01-12-at-16.08.37.jpeg 1280w\" sizes=\"(max-width: 1024px) 100vw, 1024px\" \/><\/figure>\n\n\n\n<p>Dando continuidade \u00e0s retrospectivas das Unidades B\u00e1sicas de Sa\u00fade que comp\u00f5em o servi\u00e7o da Aten\u00e7\u00e3o B\u00e1sica da FUMSSAR, o Governo Municipal apresenta nesta quinta-feira, os dados do trabalho realizado pela UBS Sulina. Em 2022, diversas a\u00e7\u00f5es e projetos foram implementados na unidade, como: Oficina Terap\u00eautica, Grupo de Gestantes, atividades e palestras no Outubro Rosa e Novembro Azul, a\u00e7\u00f5es do Programa Sa\u00fade na Escola e o rastreio de pacientes diab\u00e9ticos.<\/p>\n\n\n\n<p>Uma das grandes novidades de 2022, foi a abertura do terceiro turno na unidade. Foram realizados nos tr\u00eas primeiros meses (setembro a dezembro), mais de 400 atendimentos. O hor\u00e1rio ampliado \u00e9 ofertado para melhorar o cuidado prestado para cada usu\u00e1rio. De janeiro a dezembro, foram realizados pela equipe multiprofissional, 53.333 procedimentos, destes, 7.325 foram com o profissional m\u00e9dico, al\u00e9m dos demais atendimentos: de enfermagem, odontol\u00f3gicos, com psic\u00f3loga, fonoaudi\u00f3loga, nutricionista e educadora f\u00edsica. A Coordenadora da UBS, Janice Kuhn, destaca que a equipe tem buscado implementar melhorias para promover o cuidado integral da sa\u00fade da popula\u00e7\u00e3o, \u201cEstamos muito contentes com o trabalho realizado neste \u00faltimo ano. Tivemos desafios, mas tamb\u00e9m, grandes conquistas no servi\u00e7o de sa\u00fade como um todo. Nosso objetivo \u00e9 continuar avan\u00e7ando e proporcionando um atendimento qualificado para os usu\u00e1rios da nossa unidade\u201d.<\/p>\n\n\n\n<p>Fundada em novembro de 2006, a UBS Sulina \u00e9 respons\u00e1vel por prestar o atendimento de sa\u00fade para a popula\u00e7\u00e3o dos Bairros Sulina e Vila Nova. A unidade possui no cadastro mais de cinco mil pessoas. Para 2023, o objetivo \u00e9 iniciar com um grupo para hipertensos e diab\u00e9ticos e implementar em alguns s\u00e1bados, um evento de promo\u00e7\u00e3o \u00e0 sa\u00fade, chamado:  &#8221;Sa\u00fade \u00e9 o que interessa, o resto n\u00e3o tem pressa&#8221;.<\/p>\n","protected":false},"excerpt":{"rendered":"<p>Dando continuidade \u00e0s retrospectivas das Unidades B\u00e1sicas de Sa\u00fade que comp\u00f5em o servi\u00e7o da Aten\u00e7\u00e3o&#8230;<\/p>\n","protected":false},"author":36,"featured_media":23045,"comment_status":"closed","ping_status":"closed","sticky":false,"template":"","format":"standard","meta":{"footnotes":""},"categories":[2],"tags":[],"_links":{"self":[{"href":"https:\/\/www.fumssar.com.br\/index.php?rest_route=\/wp\/v2\/posts\/23044"}],"collection":[{"href":"https:\/\/www.fumssar.com.br\/index.php?rest_route=\/wp\/v2\/posts"}],"about":[{"href":"https:\/\/www.fumssar.com.br\/index.php?rest_route=\/wp\/v2\/types\/post"}],"author":[{"embeddable":true,"href":"https:\/\/www.fumssar.com.br\/index.php?rest_route=\/wp\/v2\/users\/36"}],"replies":[{"embeddable":true,"href":"https:\/\/www.fumssar.com.br\/index.php?rest_route=%2Fwp%2Fv2%2Fcomments&post=23044"}],"version-history":[{"count":2,"href":"https:\/\/www.fumssar.com.br\/index.php?rest_route=\/wp\/v2\/posts\/23044\/revisions"}],"predecessor-version":[{"id":23047,"href":"https:\/\/www.fumssar.com.br\/index.php?rest_route=\/wp\/v2\/posts\/23044\/revisions\/23047"}],"wp:featuredmedia":[{"embeddable":true,"href":"https:\/\/www.fumssar.com.br\/index.php?rest_route=\/wp\/v2\/media\/23045"}],"wp:attachment":[{"href":"https:\/\/www.fumssar.com.br\/index.php?rest_route=%2Fwp%2Fv2%2Fmedia&parent=23044"}],"wp:term":[{"taxonomy":"category","embeddable":true,"href":"https:\/\/www.fumssar.com.br\/index.php?rest_route=%2Fwp%2Fv2%2Fcategories&post=23044"},{"taxonomy":"post_tag","embeddable":true,"href":"https:\/\/www.fumssar.com.br\/index.php?rest_route=%2Fwp%2Fv2%2Ftags&post=23044"}],"curies":[{"name":"wp","href":"https:\/\/api.w.org\/{rel}","templated":true}]}}