{"id":23036,"date":"2023-01-10T16:07:14","date_gmt":"2023-01-10T19:07:14","guid":{"rendered":"http:\/\/www.fumssar.com.br\/?p=23036"},"modified":"2024-10-07T16:32:48","modified_gmt":"2024-10-07T19:32:48","slug":"fumssar-contrata-dois-novos-medicos-psiquiatras","status":"publish","type":"post","link":"https:\/\/www.fumssar.com.br\/?p=23036","title":{"rendered":"FUMSSAR contrata dois novos m\u00e9dicos psiquiatras"},"content":{"rendered":"\n<figure class=\"wp-block-image\"><img loading=\"lazy\" decoding=\"async\" width=\"860\" height=\"645\" src=\"https:\/\/www.fumssar.com.br\/wp-content\/uploads\/2023\/01\/Formato-Site-e-Portal-860X645-JPG-1.jpg\" alt=\"\" class=\"wp-image-23037\" srcset=\"https:\/\/www.fumssar.com.br\/wp-content\/uploads\/2023\/01\/Formato-Site-e-Portal-860X645-JPG-1.jpg 860w, https:\/\/www.fumssar.com.br\/wp-content\/uploads\/2023\/01\/Formato-Site-e-Portal-860X645-JPG-1-300x225.jpg 300w, https:\/\/www.fumssar.com.br\/wp-content\/uploads\/2023\/01\/Formato-Site-e-Portal-860X645-JPG-1-768x576.jpg 768w\" sizes=\"(max-width: 860px) 100vw, 860px\" \/><\/figure>\n\n\n\n<p>A Funda\u00e7\u00e3o Municipal de Sa\u00fade de Santa Rosa efetuou na tarde desta segunda-feira (09), a contrata\u00e7\u00e3o de dois novos m\u00e9dicos psiquiatras para a rede p\u00fablica de sa\u00fade do munic\u00edpio. Os profissionais v\u00e3o atender no Centro de Aten\u00e7\u00e3o Psicossocial \u2013 CAPS II Novo Rumo. A FUMSSAR tem implementado atrav\u00e9s da Rede de Aten\u00e7\u00e3o Psicossocial \u2013 RAPS, pol\u00edticas p\u00fablicas de sa\u00fade mental para fortalecer e qualificar os atendimentos para a popula\u00e7\u00e3o.<\/p>\n\n\n\n<p>O Centro de Aten\u00e7\u00e3o Psicossocial CAPS II \u2013 Novo Rumo \u00e9 respons\u00e1vel pelo atendimento de usu\u00e1rios com sofrimento mental grave e\/ou persistente no \u00e2mbito do SUS. O servi\u00e7o possui uma equipe multiprofissional que realiza atendimentos psicossociais individuais e familiares, al\u00e9m de diversos grupos e oficinas terap\u00eauticas. O Presidente da FUMMSAR, D\u00e9lcio Stefan, destaca que os m\u00e9dicos psiquiatras v\u00eam para somar e fortalecer ainda mais, a Rede de Aten\u00e7\u00e3o Psicossocial de Santa Rosa, \u201cA contrata\u00e7\u00e3o desses novos profissionais vai contribuir para um melhor atendimento dos usu\u00e1rios do CAPS.  S\u00e3o m\u00e9dicos que v\u00e3o realizar os servi\u00e7os de escuta, acolhimento e tratamento em sa\u00fade mental. A\u00e7\u00f5es fundamentais para a qualidade de vida dos indiv\u00edduos e que promovem o cuidado integral e humanizado\u201d. <\/p>\n\n\n\n<p>Estavam presentes no ato da contrata\u00e7\u00e3o, os dois novos m\u00e9dicos psiquiatras, Dra. Aline Machado Abreu e Dr. Rodrigo Bolsson Radins e a Gerente da Rede de Aten\u00e7\u00e3o Psicossocial da FUMSSAR, Fl\u00e1via Albuquerque.<\/p>\n","protected":false},"excerpt":{"rendered":"<p>A Funda\u00e7\u00e3o Municipal de Sa\u00fade de Santa Rosa efetuou na tarde desta segunda-feira (09), a&#8230;<\/p>\n","protected":false},"author":36,"featured_media":23038,"comment_status":"closed","ping_status":"closed","sticky":false,"template":"","format":"standard","meta":{"footnotes":""},"categories":[2],"tags":[],"_links":{"self":[{"href":"https:\/\/www.fumssar.com.br\/index.php?rest_route=\/wp\/v2\/posts\/23036"}],"collection":[{"href":"https:\/\/www.fumssar.com.br\/index.php?rest_route=\/wp\/v2\/posts"}],"about":[{"href":"https:\/\/www.fumssar.com.br\/index.php?rest_route=\/wp\/v2\/types\/post"}],"author":[{"embeddable":true,"href":"https:\/\/www.fumssar.com.br\/index.php?rest_route=\/wp\/v2\/users\/36"}],"replies":[{"embeddable":true,"href":"https:\/\/www.fumssar.com.br\/index.php?rest_route=%2Fwp%2Fv2%2Fcomments&post=23036"}],"version-history":[{"count":1,"href":"https:\/\/www.fumssar.com.br\/index.php?rest_route=\/wp\/v2\/posts\/23036\/revisions"}],"predecessor-version":[{"id":23039,"href":"https:\/\/www.fumssar.com.br\/index.php?rest_route=\/wp\/v2\/posts\/23036\/revisions\/23039"}],"wp:featuredmedia":[{"embeddable":true,"href":"https:\/\/www.fumssar.com.br\/index.php?rest_route=\/wp\/v2\/media\/23038"}],"wp:attachment":[{"href":"https:\/\/www.fumssar.com.br\/index.php?rest_route=%2Fwp%2Fv2%2Fmedia&parent=23036"}],"wp:term":[{"taxonomy":"category","embeddable":true,"href":"https:\/\/www.fumssar.com.br\/index.php?rest_route=%2Fwp%2Fv2%2Fcategories&post=23036"},{"taxonomy":"post_tag","embeddable":true,"href":"https:\/\/www.fumssar.com.br\/index.php?rest_route=%2Fwp%2Fv2%2Ftags&post=23036"}],"curies":[{"name":"wp","href":"https:\/\/api.w.org\/{rel}","templated":true}]}}