{"id":23019,"date":"2023-01-02T16:46:29","date_gmt":"2023-01-02T19:46:29","guid":{"rendered":"http:\/\/www.fumssar.com.br\/?p=23019"},"modified":"2024-10-07T16:32:49","modified_gmt":"2024-10-07T19:32:49","slug":"segunda-e-dia-de-vacinacao-contra-a-covid-19","status":"publish","type":"post","link":"https:\/\/www.fumssar.com.br\/?p=23019","title":{"rendered":"Segunda \u00e9 dia de vacina\u00e7\u00e3o contra a COVID-19"},"content":{"rendered":"\n<figure class=\"wp-block-image\"><img loading=\"lazy\" decoding=\"async\" width=\"860\" height=\"645\" src=\"http:\/\/www.fumssar.com.br\/wp-content\/uploads\/2023\/01\/Formato-Site-e-Portal-860X645-JPG-2022-12-20T150610.181.jpg\" alt=\"\" class=\"wp-image-23020\" srcset=\"https:\/\/www.fumssar.com.br\/wp-content\/uploads\/2023\/01\/Formato-Site-e-Portal-860X645-JPG-2022-12-20T150610.181.jpg 860w, https:\/\/www.fumssar.com.br\/wp-content\/uploads\/2023\/01\/Formato-Site-e-Portal-860X645-JPG-2022-12-20T150610.181-300x225.jpg 300w, https:\/\/www.fumssar.com.br\/wp-content\/uploads\/2023\/01\/Formato-Site-e-Portal-860X645-JPG-2022-12-20T150610.181-768x576.jpg 768w\" sizes=\"(max-width: 860px) 100vw, 860px\" \/><\/figure>\n\n\n\n<p>A Funda\u00e7\u00e3o Municipal de Sa\u00fade de Santa Rosa divulgou o novo cronograma de vacina\u00e7\u00e3o contra a COVID-19 no munic\u00edpio. A imuniza\u00e7\u00e3o vai acontecer todas as segundas-feiras, das 13h30min \u00e0s 17h, nas seguintes Unidades B\u00e1sicas de Sa\u00fade: Cruzeiro, J\u00falio de Oliveira, Balne\u00e1ria, Agr\u00edcola e Centro. Para se vacinar, \u00e9 preciso levar documento com foto, CPF e a caderneta de vacina\u00e7\u00e3o. O atendimento ir\u00e1 ocorrer mediante a capacidade di\u00e1ria m\u00e1xima de aplica\u00e7\u00e3o.<\/p>\n\n\n\n<p>Na UBS do Centro v\u00e3o ser aplicadas, al\u00e9m das vacinas para crian\u00e7as, adolescentes e adultos, as vacinas Pfizer Baby. O imunizante \u00e9 aplicado em beb\u00eas a partir dos 06 meses at\u00e9 os 2 anos de idade. Na \u00faltima semana, de 26\/12 a 01\/01, Santa Rosa registrou 296 casos ativos da COVID-19. Confira no site da FUMSSAR, os endere\u00e7os de cada UBS, as faixas et\u00e1rias e o intervalo entre as doses.<\/p>\n","protected":false},"excerpt":{"rendered":"<p>A Funda\u00e7\u00e3o Municipal de Sa\u00fade de Santa Rosa divulgou o novo cronograma de vacina\u00e7\u00e3o contra&#8230;<\/p>\n","protected":false},"author":36,"featured_media":23020,"comment_status":"closed","ping_status":"closed","sticky":false,"template":"","format":"standard","meta":{"footnotes":""},"categories":[152,2],"tags":[],"_links":{"self":[{"href":"https:\/\/www.fumssar.com.br\/index.php?rest_route=\/wp\/v2\/posts\/23019"}],"collection":[{"href":"https:\/\/www.fumssar.com.br\/index.php?rest_route=\/wp\/v2\/posts"}],"about":[{"href":"https:\/\/www.fumssar.com.br\/index.php?rest_route=\/wp\/v2\/types\/post"}],"author":[{"embeddable":true,"href":"https:\/\/www.fumssar.com.br\/index.php?rest_route=\/wp\/v2\/users\/36"}],"replies":[{"embeddable":true,"href":"https:\/\/www.fumssar.com.br\/index.php?rest_route=%2Fwp%2Fv2%2Fcomments&post=23019"}],"version-history":[{"count":1,"href":"https:\/\/www.fumssar.com.br\/index.php?rest_route=\/wp\/v2\/posts\/23019\/revisions"}],"predecessor-version":[{"id":23021,"href":"https:\/\/www.fumssar.com.br\/index.php?rest_route=\/wp\/v2\/posts\/23019\/revisions\/23021"}],"wp:featuredmedia":[{"embeddable":true,"href":"https:\/\/www.fumssar.com.br\/index.php?rest_route=\/wp\/v2\/media\/23020"}],"wp:attachment":[{"href":"https:\/\/www.fumssar.com.br\/index.php?rest_route=%2Fwp%2Fv2%2Fmedia&parent=23019"}],"wp:term":[{"taxonomy":"category","embeddable":true,"href":"https:\/\/www.fumssar.com.br\/index.php?rest_route=%2Fwp%2Fv2%2Fcategories&post=23019"},{"taxonomy":"post_tag","embeddable":true,"href":"https:\/\/www.fumssar.com.br\/index.php?rest_route=%2Fwp%2Fv2%2Ftags&post=23019"}],"curies":[{"name":"wp","href":"https:\/\/api.w.org\/{rel}","templated":true}]}}